{"id":3762,"date":"2019-10-02T11:23:22","date_gmt":"2019-10-02T09:23:22","guid":{"rendered":"http:\/\/zurzeit.at\/?p=3762"},"modified":"2019-10-02T11:23:22","modified_gmt":"2019-10-02T09:23:22","slug":"mit-klappmessern-schlagstoecken-und-steinschleudern-fuer-demokratie","status":"publish","type":"post","link":"https:\/\/zurzeit.at\/index.php\/mit-klappmessern-schlagstoecken-und-steinschleudern-fuer-demokratie\/","title":{"rendered":"Mit Klappmessern, Schlagst\u00f6cken und Steinschleudern f\u00fcr \u201eDemokratie\u201c"},"content":{"rendered":"<h1>Hongkonger Polizei hon Waffenlager von \u201ePro-Demokratie-Aktivisten\u201c aus<\/h1>\n<p>Eine Mitteilung der Hongkonger Polizei best\u00e4tigt ein weiteres Mal, dass die \u201eDemokratiebewegung\u201c in der chinesischen Sonderverwaltungszone nicht so \u201efriedlich\u201c ist, wie es die westlichen Systemmedien darstellen. Demnach f\u00fchrte die Polizei am 30. September und 1. Oktober in verschiedenen Bezirken Hongkongs Hausdurchsuchungen in R\u00e4umlichkeiten statt, von denen angenommen wurde, dass sie der Herstellung von Brands\u00e4tzen und Sprengstoffen dienten.<\/p>\n<p>Tats\u00e4chlich fand die Polizei eine \u201egro\u00dfe Anzahl von Offensivwaffen\u201c, Rohstoffe f\u00fcr die Herstellung von Brands\u00e4tzen sowie Schutzausr\u00fcstung \u2013 offenbar wollten die angeblichen \u201ePro-Demokratie-Aktivisten\u201c f\u00fcr Zusammenst\u00f6\u00dfe mit den Sicherheitskr\u00e4ften gewappnet sein. Unter den beschlagnahmten Angriffswaffen befanden sich unter anderem Klappmesser, Schleudern und ausziehbare St\u00f6cke. Gefunden wurden auch Glasflaschen, Verd\u00fcnner, Feuerzeuggas und verschiedene chemische Substanzen. Damit lassen sich leicht Brandflaschen, die auch als \u201eMolotowcocktails\u201c bekannt\u00a0 sind, herstellen.<\/p>\n<p>Bei dem Einsatz, dem eingehende Ermittlungen vorangegangen waren, konnte die Polizei 44 M\u00e4nner und sieben Frauen im Alter von 15 bis 44 Jahren wegen verschiedener Straftaten, einschlie\u00dflich des Besitzes von Angriffswaffen und von gef\u00e4hrlichen G\u00fctern, festnehmen. Die verhaften Personen und die beschlagnahmten Gegenst\u00e4nde stehen laut Polizei in Zusammenhang mit der j\u00fcngsten Gewalt bei den Protesten in Hongkong.<\/p>\n<p>[Autor: <a href=\"https:\/\/zurzeit.at\/index.php\/autoren\/\">B.T.<\/a> Bild:<a href=\"https:\/\/www.info.gov.hk\/gia\/general\/201910\/01\/P2019100100514.htm?fontSize=1\"> <span class=\"licensetpl_attr\">info.gov.hk<\/span><\/a> L<span class=\"licensetpl_attr\">izenz: <\/span><span class=\"cc-license-identifier\">&#8211;<\/span>]<\/p>\n<p>&nbsp;<\/p>\n<p>&nbsp;<\/p>\n","protected":false},"excerpt":{"rendered":"<p>Hongkonger Polizei hon Waffenlager von \u201ePro-Demokratie-Aktivisten\u201c aus Eine Mitteilung der Hongkonger Polizei best\u00e4tigt ein weiteres&hellip;<\/p>\n","protected":false},"author":3,"featured_media":3763,"comment_status":"open","ping_status":"closed","sticky":false,"template":"","format":"standard","meta":{"footnotes":""},"categories":[49],"tags":[956,196,1427,1992,1035,1609,490],"class_list":["post-3762","post","type-post","status-publish","format-standard","has-post-thumbnail","hentry","category-ausland","tag-demokratie","tag-gewalt","tag-hongkong","tag-molotowcocktails","tag-polizei","tag-proteste","tag-waffen"],"yoast_head":"<!-- This site is optimized with the Yoast SEO plugin v28.4 - https:\/\/yoast.com\/product\/yoast-seo-wordpress\/ -->\n<title>Mit Klappmessern, Schlagst\u00f6cken und Steinschleudern f\u00fcr \u201eDemokratie\u201c - ZurZeit<\/title>\n<meta name=\"robots\" content=\"index, follow, max-snippet:-1, max-image-preview:large, max-video-preview:-1\" \/>\n<link rel=\"canonical\" href=\"https:\/\/zurzeit.at\/index.php\/mit-klappmessern-schlagstoecken-und-steinschleudern-fuer-demokratie\/\" \/>\n<meta property=\"og:locale\" content=\"de_DE\" \/>\n<meta property=\"og:type\" content=\"article\" \/>\n<meta property=\"og:title\" content=\"Mit Klappmessern, Schlagst\u00f6cken und Steinschleudern f\u00fcr \u201eDemokratie\u201c - ZurZeit\" \/>\n<meta property=\"og:description\" content=\"Hongkonger Polizei hon Waffenlager von \u201ePro-Demokratie-Aktivisten\u201c aus Eine Mitteilung der Hongkonger Polizei best\u00e4tigt ein weiteres&hellip;\" \/>\n<meta property=\"og:url\" content=\"https:\/\/zurzeit.at\/index.php\/mit-klappmessern-schlagstoecken-und-steinschleudern-fuer-demokratie\/\" \/>\n<meta property=\"og:site_name\" content=\"ZurZeit\" \/>\n<meta property=\"article:publisher\" content=\"https:\/\/www.facebook.com\/wochenmagazinZurZeit\/\" \/>\n<meta property=\"article:published_time\" content=\"2019-10-02T09:23:22+00:00\" \/>\n<meta property=\"og:image\" content=\"https:\/\/zurzeit.at\/wp-content\/uploads\/2019\/10\/P2019100100514_photo_1165037.jpg\" \/>\n\t<meta property=\"og:image:width\" content=\"800\" \/>\n\t<meta property=\"og:image:height\" content=\"600\" \/>\n\t<meta property=\"og:image:type\" content=\"image\/jpeg\" \/>\n<meta name=\"author\" content=\"admin2\" \/>\n<meta name=\"twitter:card\" content=\"summary_large_image\" \/>\n<meta name=\"twitter:label1\" content=\"Verfasst von\" \/>\n\t<meta name=\"twitter:data1\" content=\"admin2\" \/>\n\t<meta name=\"twitter:label2\" content=\"Gesch\u00e4tzte Lesezeit\" \/>\n\t<meta name=\"twitter:data2\" content=\"1\u00a0Minute\" \/>\n<script type=\"application\/ld+json\" class=\"yoast-schema-graph\">{\"@context\":\"https:\\\/\\\/schema.org\",\"@graph\":[{\"@type\":\"Article\",\"@id\":\"https:\\\/\\\/zurzeit.at\\\/index.php\\\/mit-klappmessern-schlagstoecken-und-steinschleudern-fuer-demokratie\\\/#article\",\"isPartOf\":{\"@id\":\"https:\\\/\\\/zurzeit.at\\\/index.php\\\/mit-klappmessern-schlagstoecken-und-steinschleudern-fuer-demokratie\\\/\"},\"author\":{\"name\":\"admin2\",\"@id\":\"https:\\\/\\\/zurzeit.at\\\/#\\\/schema\\\/person\\\/e6f4284c4ffdba25c26f295806088e37\"},\"headline\":\"Mit Klappmessern, Schlagst\u00f6cken und Steinschleudern f\u00fcr \u201eDemokratie\u201c\",\"datePublished\":\"2019-10-02T09:23:22+00:00\",\"mainEntityOfPage\":{\"@id\":\"https:\\\/\\\/zurzeit.at\\\/index.php\\\/mit-klappmessern-schlagstoecken-und-steinschleudern-fuer-demokratie\\\/\"},\"wordCount\":220,\"commentCount\":0,\"image\":{\"@id\":\"https:\\\/\\\/zurzeit.at\\\/index.php\\\/mit-klappmessern-schlagstoecken-und-steinschleudern-fuer-demokratie\\\/#primaryimage\"},\"thumbnailUrl\":\"https:\\\/\\\/zurzeit.at\\\/wp-content\\\/uploads\\\/2019\\\/10\\\/P2019100100514_photo_1165037.jpg\",\"keywords\":[\"Demokratie\",\"Gewalt\",\"Hongkong\",\"Molotowcocktails\",\"Polizei\",\"Proteste\",\"Waffen\"],\"articleSection\":[\"Ausland\"],\"inLanguage\":\"de\",\"potentialAction\":[{\"@type\":\"CommentAction\",\"name\":\"Comment\",\"target\":[\"https:\\\/\\\/zurzeit.at\\\/index.php\\\/mit-klappmessern-schlagstoecken-und-steinschleudern-fuer-demokratie\\\/#respond\"]}]},{\"@type\":\"WebPage\",\"@id\":\"https:\\\/\\\/zurzeit.at\\\/index.php\\\/mit-klappmessern-schlagstoecken-und-steinschleudern-fuer-demokratie\\\/\",\"url\":\"https:\\\/\\\/zurzeit.at\\\/index.php\\\/mit-klappmessern-schlagstoecken-und-steinschleudern-fuer-demokratie\\\/\",\"name\":\"Mit Klappmessern, Schlagst\u00f6cken und Steinschleudern f\u00fcr \u201eDemokratie\u201c - ZurZeit\",\"isPartOf\":{\"@id\":\"https:\\\/\\\/zurzeit.at\\\/#website\"},\"primaryImageOfPage\":{\"@id\":\"https:\\\/\\\/zurzeit.at\\\/index.php\\\/mit-klappmessern-schlagstoecken-und-steinschleudern-fuer-demokratie\\\/#primaryimage\"},\"image\":{\"@id\":\"https:\\\/\\\/zurzeit.at\\\/index.php\\\/mit-klappmessern-schlagstoecken-und-steinschleudern-fuer-demokratie\\\/#primaryimage\"},\"thumbnailUrl\":\"https:\\\/\\\/zurzeit.at\\\/wp-content\\\/uploads\\\/2019\\\/10\\\/P2019100100514_photo_1165037.jpg\",\"datePublished\":\"2019-10-02T09:23:22+00:00\",\"author\":{\"@id\":\"https:\\\/\\\/zurzeit.at\\\/#\\\/schema\\\/person\\\/e6f4284c4ffdba25c26f295806088e37\"},\"breadcrumb\":{\"@id\":\"https:\\\/\\\/zurzeit.at\\\/index.php\\\/mit-klappmessern-schlagstoecken-und-steinschleudern-fuer-demokratie\\\/#breadcrumb\"},\"inLanguage\":\"de\",\"potentialAction\":[{\"@type\":\"ReadAction\",\"target\":[\"https:\\\/\\\/zurzeit.at\\\/index.php\\\/mit-klappmessern-schlagstoecken-und-steinschleudern-fuer-demokratie\\\/\"]}]},{\"@type\":\"ImageObject\",\"inLanguage\":\"de\",\"@id\":\"https:\\\/\\\/zurzeit.at\\\/index.php\\\/mit-klappmessern-schlagstoecken-und-steinschleudern-fuer-demokratie\\\/#primaryimage\",\"url\":\"https:\\\/\\\/zurzeit.at\\\/wp-content\\\/uploads\\\/2019\\\/10\\\/P2019100100514_photo_1165037.jpg\",\"contentUrl\":\"https:\\\/\\\/zurzeit.at\\\/wp-content\\\/uploads\\\/2019\\\/10\\\/P2019100100514_photo_1165037.jpg\",\"width\":800,\"height\":600},{\"@type\":\"BreadcrumbList\",\"@id\":\"https:\\\/\\\/zurzeit.at\\\/index.php\\\/mit-klappmessern-schlagstoecken-und-steinschleudern-fuer-demokratie\\\/#breadcrumb\",\"itemListElement\":[{\"@type\":\"ListItem\",\"position\":1,\"name\":\"Startseite\",\"item\":\"https:\\\/\\\/zurzeit.at\\\/\"},{\"@type\":\"ListItem\",\"position\":2,\"name\":\"Mit Klappmessern, Schlagst\u00f6cken und Steinschleudern f\u00fcr \u201eDemokratie\u201c\"}]},{\"@type\":\"WebSite\",\"@id\":\"https:\\\/\\\/zurzeit.at\\\/#website\",\"url\":\"https:\\\/\\\/zurzeit.at\\\/\",\"name\":\"ZurZeit\",\"description\":\"Internetseite des Wochenmagazins ZurZeit\",\"potentialAction\":[{\"@type\":\"SearchAction\",\"target\":{\"@type\":\"EntryPoint\",\"urlTemplate\":\"https:\\\/\\\/zurzeit.at\\\/?s={search_term_string}\"},\"query-input\":{\"@type\":\"PropertyValueSpecification\",\"valueRequired\":true,\"valueName\":\"search_term_string\"}}],\"inLanguage\":\"de\"},{\"@type\":\"Person\",\"@id\":\"https:\\\/\\\/zurzeit.at\\\/#\\\/schema\\\/person\\\/e6f4284c4ffdba25c26f295806088e37\",\"name\":\"admin2\",\"image\":{\"@type\":\"ImageObject\",\"inLanguage\":\"de\",\"@id\":\"https:\\\/\\\/secure.gravatar.com\\\/avatar\\\/6b01edb108b3f79fc8950358251ecf3b91c228e319139ad1beec43b6b1b16470?s=96&d=mm&r=g\",\"url\":\"https:\\\/\\\/secure.gravatar.com\\\/avatar\\\/6b01edb108b3f79fc8950358251ecf3b91c228e319139ad1beec43b6b1b16470?s=96&d=mm&r=g\",\"contentUrl\":\"https:\\\/\\\/secure.gravatar.com\\\/avatar\\\/6b01edb108b3f79fc8950358251ecf3b91c228e319139ad1beec43b6b1b16470?s=96&d=mm&r=g\",\"caption\":\"admin2\"},\"url\":\"https:\\\/\\\/zurzeit.at\\\/index.php\\\/author\\\/admin2\\\/\"}]}<\/script>\n<!-- \/ Yoast SEO plugin. -->","yoast_head_json":{"title":"Mit Klappmessern, Schlagst\u00f6cken und Steinschleudern f\u00fcr \u201eDemokratie\u201c - ZurZeit","robots":{"index":"index","follow":"follow","max-snippet":"max-snippet:-1","max-image-preview":"max-image-preview:large","max-video-preview":"max-video-preview:-1"},"canonical":"https:\/\/zurzeit.at\/index.php\/mit-klappmessern-schlagstoecken-und-steinschleudern-fuer-demokratie\/","og_locale":"de_DE","og_type":"article","og_title":"Mit Klappmessern, Schlagst\u00f6cken und Steinschleudern f\u00fcr \u201eDemokratie\u201c - ZurZeit","og_description":"Hongkonger Polizei hon Waffenlager von \u201ePro-Demokratie-Aktivisten\u201c aus Eine Mitteilung der Hongkonger Polizei best\u00e4tigt ein weiteres&hellip;","og_url":"https:\/\/zurzeit.at\/index.php\/mit-klappmessern-schlagstoecken-und-steinschleudern-fuer-demokratie\/","og_site_name":"ZurZeit","article_publisher":"https:\/\/www.facebook.com\/wochenmagazinZurZeit\/","article_published_time":"2019-10-02T09:23:22+00:00","og_image":[{"width":800,"height":600,"url":"https:\/\/zurzeit.at\/wp-content\/uploads\/2019\/10\/P2019100100514_photo_1165037.jpg","type":"image\/jpeg"}],"author":"admin2","twitter_card":"summary_large_image","twitter_misc":{"Verfasst von":"admin2","Gesch\u00e4tzte Lesezeit":"1\u00a0Minute"},"schema":{"@context":"https:\/\/schema.org","@graph":[{"@type":"Article","@id":"https:\/\/zurzeit.at\/index.php\/mit-klappmessern-schlagstoecken-und-steinschleudern-fuer-demokratie\/#article","isPartOf":{"@id":"https:\/\/zurzeit.at\/index.php\/mit-klappmessern-schlagstoecken-und-steinschleudern-fuer-demokratie\/"},"author":{"name":"admin2","@id":"https:\/\/zurzeit.at\/#\/schema\/person\/e6f4284c4ffdba25c26f295806088e37"},"headline":"Mit Klappmessern, Schlagst\u00f6cken und Steinschleudern f\u00fcr \u201eDemokratie\u201c","datePublished":"2019-10-02T09:23:22+00:00","mainEntityOfPage":{"@id":"https:\/\/zurzeit.at\/index.php\/mit-klappmessern-schlagstoecken-und-steinschleudern-fuer-demokratie\/"},"wordCount":220,"commentCount":0,"image":{"@id":"https:\/\/zurzeit.at\/index.php\/mit-klappmessern-schlagstoecken-und-steinschleudern-fuer-demokratie\/#primaryimage"},"thumbnailUrl":"https:\/\/zurzeit.at\/wp-content\/uploads\/2019\/10\/P2019100100514_photo_1165037.jpg","keywords":["Demokratie","Gewalt","Hongkong","Molotowcocktails","Polizei","Proteste","Waffen"],"articleSection":["Ausland"],"inLanguage":"de","potentialAction":[{"@type":"CommentAction","name":"Comment","target":["https:\/\/zurzeit.at\/index.php\/mit-klappmessern-schlagstoecken-und-steinschleudern-fuer-demokratie\/#respond"]}]},{"@type":"WebPage","@id":"https:\/\/zurzeit.at\/index.php\/mit-klappmessern-schlagstoecken-und-steinschleudern-fuer-demokratie\/","url":"https:\/\/zurzeit.at\/index.php\/mit-klappmessern-schlagstoecken-und-steinschleudern-fuer-demokratie\/","name":"Mit Klappmessern, Schlagst\u00f6cken und Steinschleudern f\u00fcr \u201eDemokratie\u201c - ZurZeit","isPartOf":{"@id":"https:\/\/zurzeit.at\/#website"},"primaryImageOfPage":{"@id":"https:\/\/zurzeit.at\/index.php\/mit-klappmessern-schlagstoecken-und-steinschleudern-fuer-demokratie\/#primaryimage"},"image":{"@id":"https:\/\/zurzeit.at\/index.php\/mit-klappmessern-schlagstoecken-und-steinschleudern-fuer-demokratie\/#primaryimage"},"thumbnailUrl":"https:\/\/zurzeit.at\/wp-content\/uploads\/2019\/10\/P2019100100514_photo_1165037.jpg","datePublished":"2019-10-02T09:23:22+00:00","author":{"@id":"https:\/\/zurzeit.at\/#\/schema\/person\/e6f4284c4ffdba25c26f295806088e37"},"breadcrumb":{"@id":"https:\/\/zurzeit.at\/index.php\/mit-klappmessern-schlagstoecken-und-steinschleudern-fuer-demokratie\/#breadcrumb"},"inLanguage":"de","potentialAction":[{"@type":"ReadAction","target":["https:\/\/zurzeit.at\/index.php\/mit-klappmessern-schlagstoecken-und-steinschleudern-fuer-demokratie\/"]}]},{"@type":"ImageObject","inLanguage":"de","@id":"https:\/\/zurzeit.at\/index.php\/mit-klappmessern-schlagstoecken-und-steinschleudern-fuer-demokratie\/#primaryimage","url":"https:\/\/zurzeit.at\/wp-content\/uploads\/2019\/10\/P2019100100514_photo_1165037.jpg","contentUrl":"https:\/\/zurzeit.at\/wp-content\/uploads\/2019\/10\/P2019100100514_photo_1165037.jpg","width":800,"height":600},{"@type":"BreadcrumbList","@id":"https:\/\/zurzeit.at\/index.php\/mit-klappmessern-schlagstoecken-und-steinschleudern-fuer-demokratie\/#breadcrumb","itemListElement":[{"@type":"ListItem","position":1,"name":"Startseite","item":"https:\/\/zurzeit.at\/"},{"@type":"ListItem","position":2,"name":"Mit Klappmessern, Schlagst\u00f6cken und Steinschleudern f\u00fcr \u201eDemokratie\u201c"}]},{"@type":"WebSite","@id":"https:\/\/zurzeit.at\/#website","url":"https:\/\/zurzeit.at\/","name":"ZurZeit","description":"Internetseite des Wochenmagazins ZurZeit","potentialAction":[{"@type":"SearchAction","target":{"@type":"EntryPoint","urlTemplate":"https:\/\/zurzeit.at\/?s={search_term_string}"},"query-input":{"@type":"PropertyValueSpecification","valueRequired":true,"valueName":"search_term_string"}}],"inLanguage":"de"},{"@type":"Person","@id":"https:\/\/zurzeit.at\/#\/schema\/person\/e6f4284c4ffdba25c26f295806088e37","name":"admin2","image":{"@type":"ImageObject","inLanguage":"de","@id":"https:\/\/secure.gravatar.com\/avatar\/6b01edb108b3f79fc8950358251ecf3b91c228e319139ad1beec43b6b1b16470?s=96&d=mm&r=g","url":"https:\/\/secure.gravatar.com\/avatar\/6b01edb108b3f79fc8950358251ecf3b91c228e319139ad1beec43b6b1b16470?s=96&d=mm&r=g","contentUrl":"https:\/\/secure.gravatar.com\/avatar\/6b01edb108b3f79fc8950358251ecf3b91c228e319139ad1beec43b6b1b16470?s=96&d=mm&r=g","caption":"admin2"},"url":"https:\/\/zurzeit.at\/index.php\/author\/admin2\/"}]}},"_links":{"self":[{"href":"https:\/\/zurzeit.at\/index.php\/wp-json\/wp\/v2\/posts\/3762","targetHints":{"allow":["GET"]}}],"collection":[{"href":"https:\/\/zurzeit.at\/index.php\/wp-json\/wp\/v2\/posts"}],"about":[{"href":"https:\/\/zurzeit.at\/index.php\/wp-json\/wp\/v2\/types\/post"}],"author":[{"embeddable":true,"href":"https:\/\/zurzeit.at\/index.php\/wp-json\/wp\/v2\/users\/3"}],"replies":[{"embeddable":true,"href":"https:\/\/zurzeit.at\/index.php\/wp-json\/wp\/v2\/comments?post=3762"}],"version-history":[{"count":1,"href":"https:\/\/zurzeit.at\/index.php\/wp-json\/wp\/v2\/posts\/3762\/revisions"}],"predecessor-version":[{"id":3764,"href":"https:\/\/zurzeit.at\/index.php\/wp-json\/wp\/v2\/posts\/3762\/revisions\/3764"}],"wp:featuredmedia":[{"embeddable":true,"href":"https:\/\/zurzeit.at\/index.php\/wp-json\/wp\/v2\/media\/3763"}],"wp:attachment":[{"href":"https:\/\/zurzeit.at\/index.php\/wp-json\/wp\/v2\/media?parent=3762"}],"wp:term":[{"taxonomy":"category","embeddable":true,"href":"https:\/\/zurzeit.at\/index.php\/wp-json\/wp\/v2\/categories?post=3762"},{"taxonomy":"post_tag","embeddable":true,"href":"https:\/\/zurzeit.at\/index.php\/wp-json\/wp\/v2\/tags?post=3762"}],"curies":[{"name":"wp","href":"https:\/\/api.w.org\/{rel}","templated":true}]}}