{"id":3765,"date":"2019-10-02T16:25:46","date_gmt":"2019-10-02T14:25:46","guid":{"rendered":"http:\/\/zurzeit.at\/?p=3765"},"modified":"2019-10-02T16:25:46","modified_gmt":"2019-10-02T14:25:46","slug":"schlagzeilen-zum-tag-2-oktober-2019","status":"publish","type":"post","link":"https:\/\/zurzeit.at\/index.php\/schlagzeilen-zum-tag-2-oktober-2019\/","title":{"rendered":"Schlagzeilen zum Tag \u2013 2. Oktober 2019"},"content":{"rendered":"<h1><strong>Karel Gott gestorben<\/strong><\/h1>\n<p>Der Schlagers\u00e4nger, der auch als &#8222;goldene Stimme aus Prag&#8220; und &#8222;Sinatra des Ostens&#8220; bezeichnet wurde, starb im Alter von 80 Jahren an den Folgen des erst k\u00fcrzlich diagnostizierten Blutkrebses. Gott nahm 1968 f\u00fcr \u00d6sterreich beim Eurovision Song Contest, mit dem Udo-J\u00fcrgens-Lied &#8222;Tausend Fenster&#8220;, teil.<\/p>\n<h2><strong>Israel: Gantz sagt Koalitionsgespr\u00e4che ab<\/strong><\/h2>\n<p>Der Parteiobmann der Liste Blau-Wei\u00df hat die f\u00fcr Mittwoch geplante Koalitionsgespr\u00e4che mit der Likud-Partei von Ministerpr\u00e4sident Benjamin Netanyahu abgesagt. Die Voraussetzungen f\u00fcr neue Verhandlungen \u00fcber eine m\u00f6gliche Einheitsregierung seien derzeit nicht gegeben. M\u00f6glich seien aber Gespr\u00e4che zu einem sp\u00e4teren Zeitpunkt. Netanyahu\u00b4s Chancen bis zum 23. Oktober, eine Regierung zu bilden, werden als gering eingesch\u00e4tzt.<\/p>\n<h2><strong>Deutsches Wirtschaftswachstum stagniert<\/strong><\/h2>\n<p>Nach zehn Jahren Aufschwung beginnt die deutsche Wirtschaft zu schw\u00e4cheln, das liegt vor allem an den weltweiten Handelskonflikten. Laut Wirtschaftsforschern soll die Konjunktur in Deutschland im laufenden Jahr nur noch um 0,5 Prozent wachsen. Zuvor ist von 0,8 Prozent ausgegangen worden, vor einem Jahr hatten Experten gar noch 1,9 Prozent prognostiziert.<\/p>\n<h2><strong>Kehrt Russland in den Europarat zur\u00fcck?<\/strong><\/h2>\n<p>Frankreichs Pr\u00e4sident Emmanuel Macron hat die R\u00fcckkehr Russlands in der gestrigen Parlamentarische Versammlung des Europarats in einer Rede vor dem Gremium begr\u00fc\u00dft. Das russische Volk finde sich im europ\u00e4ischen Humanismus wieder, sagte Macron vor den Abgeordneten in Stra\u00dfburg.<\/p>\n<h2><strong>Kommt nun der Final-Brexit?<\/strong><\/h2>\n<p>Ministerpr\u00e4sident Boris Johnson k\u00fcndigte sein letztes Brexit-Angebot an, dass er der Europ\u00e4ische Union am Mittwoch vorstellen wird. Falls Br\u00fcssel dieses nicht annehmen wird, m\u00f6chte er endg\u00fcltig die Gespr\u00e4che beenden und am 31. Oktober die EU verlassen.<\/p>\n<p>&nbsp;<\/p>\n","protected":false},"excerpt":{"rendered":"<p>Karel Gott gestorben Der Schlagers\u00e4nger, der auch als &#8222;goldene Stimme aus Prag&#8220; und &#8222;Sinatra des&hellip;<\/p>\n","protected":false},"author":3,"featured_media":2948,"comment_status":"open","ping_status":"closed","sticky":false,"template":"","format":"standard","meta":{"footnotes":""},"categories":[49,47,48,51,46,50],"tags":[1994,585,523,60,1993,89,287,394,642,1995,583,288,466,584,614,1505],"class_list":["post-3765","post","type-post","status-publish","format-standard","has-post-thumbnail","hentry","category-ausland","category-deutschland","category-europa","category-feuilleton","category-oesterreich","category-wirtschaft","tag-benny-gantz","tag-blau-weiss","tag-brexit","tag-deutschland","tag-er","tag-eu","tag-frankreich","tag-israel","tag-johnson","tag-karel-gott","tag-likud","tag-macron","tag-moskau","tag-netanjahu","tag-russland","tag-wirtschaft"],"yoast_head":"<!-- This site is optimized with the Yoast SEO plugin v28.4 - https:\/\/yoast.com\/product\/yoast-seo-wordpress\/ -->\n<title>Schlagzeilen zum Tag \u2013 2. Oktober 2019 - ZurZeit<\/title>\n<meta name=\"robots\" content=\"index, follow, max-snippet:-1, max-image-preview:large, max-video-preview:-1\" \/>\n<link rel=\"canonical\" href=\"https:\/\/zurzeit.at\/index.php\/schlagzeilen-zum-tag-2-oktober-2019\/\" \/>\n<meta property=\"og:locale\" content=\"de_DE\" \/>\n<meta property=\"og:type\" content=\"article\" \/>\n<meta property=\"og:title\" content=\"Schlagzeilen zum Tag \u2013 2. Oktober 2019 - ZurZeit\" \/>\n<meta property=\"og:description\" content=\"Karel Gott gestorben Der Schlagers\u00e4nger, der auch als &#8222;goldene Stimme aus Prag&#8220; und &#8222;Sinatra des&hellip;\" \/>\n<meta property=\"og:url\" content=\"https:\/\/zurzeit.at\/index.php\/schlagzeilen-zum-tag-2-oktober-2019\/\" \/>\n<meta property=\"og:site_name\" content=\"ZurZeit\" \/>\n<meta property=\"article:publisher\" content=\"https:\/\/www.facebook.com\/wochenmagazinZurZeit\/\" \/>\n<meta property=\"article:published_time\" content=\"2019-10-02T14:25:46+00:00\" \/>\n<meta property=\"og:image\" content=\"https:\/\/zurzeit.at\/wp-content\/uploads\/2019\/06\/Aktuelles-NEU.jpg\" \/>\n\t<meta property=\"og:image:width\" content=\"842\" \/>\n\t<meta property=\"og:image:height\" content=\"596\" \/>\n\t<meta property=\"og:image:type\" content=\"image\/jpeg\" \/>\n<meta name=\"author\" content=\"admin2\" \/>\n<meta name=\"twitter:card\" content=\"summary_large_image\" \/>\n<meta name=\"twitter:label1\" content=\"Verfasst von\" \/>\n\t<meta name=\"twitter:data1\" content=\"admin2\" \/>\n\t<meta name=\"twitter:label2\" content=\"Gesch\u00e4tzte Lesezeit\" \/>\n\t<meta name=\"twitter:data2\" content=\"1\u00a0Minute\" \/>\n<script type=\"application\/ld+json\" class=\"yoast-schema-graph\">{\"@context\":\"https:\\\/\\\/schema.org\",\"@graph\":[{\"@type\":\"Article\",\"@id\":\"https:\\\/\\\/zurzeit.at\\\/index.php\\\/schlagzeilen-zum-tag-2-oktober-2019\\\/#article\",\"isPartOf\":{\"@id\":\"https:\\\/\\\/zurzeit.at\\\/index.php\\\/schlagzeilen-zum-tag-2-oktober-2019\\\/\"},\"author\":{\"name\":\"admin2\",\"@id\":\"https:\\\/\\\/zurzeit.at\\\/#\\\/schema\\\/person\\\/e6f4284c4ffdba25c26f295806088e37\"},\"headline\":\"Schlagzeilen zum Tag \u2013 2. Oktober 2019\",\"datePublished\":\"2019-10-02T14:25:46+00:00\",\"mainEntityOfPage\":{\"@id\":\"https:\\\/\\\/zurzeit.at\\\/index.php\\\/schlagzeilen-zum-tag-2-oktober-2019\\\/\"},\"wordCount\":271,\"commentCount\":0,\"image\":{\"@id\":\"https:\\\/\\\/zurzeit.at\\\/index.php\\\/schlagzeilen-zum-tag-2-oktober-2019\\\/#primaryimage\"},\"thumbnailUrl\":\"https:\\\/\\\/zurzeit.at\\\/wp-content\\\/uploads\\\/2019\\\/06\\\/Aktuelles-NEU.jpg\",\"keywords\":[\"Benny Gantz\",\"Blau-Wei\u00df\",\"Brexit\",\"Deutschland\",\"ER\",\"EU\",\"Frankreich\",\"Israel\",\"Johnson\",\"Karel Gott\",\"Likud\",\"Macron\",\"Moskau\",\"Netanjahu\",\"Russland\",\"Wirtschaft\"],\"articleSection\":[\"Ausland\",\"Deutschland\",\"Europa\",\"Feuilleton\",\"\u00d6sterreich\",\"Wirtschaft\"],\"inLanguage\":\"de\",\"potentialAction\":[{\"@type\":\"CommentAction\",\"name\":\"Comment\",\"target\":[\"https:\\\/\\\/zurzeit.at\\\/index.php\\\/schlagzeilen-zum-tag-2-oktober-2019\\\/#respond\"]}]},{\"@type\":\"WebPage\",\"@id\":\"https:\\\/\\\/zurzeit.at\\\/index.php\\\/schlagzeilen-zum-tag-2-oktober-2019\\\/\",\"url\":\"https:\\\/\\\/zurzeit.at\\\/index.php\\\/schlagzeilen-zum-tag-2-oktober-2019\\\/\",\"name\":\"Schlagzeilen zum Tag \u2013 2. Oktober 2019 - ZurZeit\",\"isPartOf\":{\"@id\":\"https:\\\/\\\/zurzeit.at\\\/#website\"},\"primaryImageOfPage\":{\"@id\":\"https:\\\/\\\/zurzeit.at\\\/index.php\\\/schlagzeilen-zum-tag-2-oktober-2019\\\/#primaryimage\"},\"image\":{\"@id\":\"https:\\\/\\\/zurzeit.at\\\/index.php\\\/schlagzeilen-zum-tag-2-oktober-2019\\\/#primaryimage\"},\"thumbnailUrl\":\"https:\\\/\\\/zurzeit.at\\\/wp-content\\\/uploads\\\/2019\\\/06\\\/Aktuelles-NEU.jpg\",\"datePublished\":\"2019-10-02T14:25:46+00:00\",\"author\":{\"@id\":\"https:\\\/\\\/zurzeit.at\\\/#\\\/schema\\\/person\\\/e6f4284c4ffdba25c26f295806088e37\"},\"breadcrumb\":{\"@id\":\"https:\\\/\\\/zurzeit.at\\\/index.php\\\/schlagzeilen-zum-tag-2-oktober-2019\\\/#breadcrumb\"},\"inLanguage\":\"de\",\"potentialAction\":[{\"@type\":\"ReadAction\",\"target\":[\"https:\\\/\\\/zurzeit.at\\\/index.php\\\/schlagzeilen-zum-tag-2-oktober-2019\\\/\"]}]},{\"@type\":\"ImageObject\",\"inLanguage\":\"de\",\"@id\":\"https:\\\/\\\/zurzeit.at\\\/index.php\\\/schlagzeilen-zum-tag-2-oktober-2019\\\/#primaryimage\",\"url\":\"https:\\\/\\\/zurzeit.at\\\/wp-content\\\/uploads\\\/2019\\\/06\\\/Aktuelles-NEU.jpg\",\"contentUrl\":\"https:\\\/\\\/zurzeit.at\\\/wp-content\\\/uploads\\\/2019\\\/06\\\/Aktuelles-NEU.jpg\",\"width\":842,\"height\":596},{\"@type\":\"BreadcrumbList\",\"@id\":\"https:\\\/\\\/zurzeit.at\\\/index.php\\\/schlagzeilen-zum-tag-2-oktober-2019\\\/#breadcrumb\",\"itemListElement\":[{\"@type\":\"ListItem\",\"position\":1,\"name\":\"Startseite\",\"item\":\"https:\\\/\\\/zurzeit.at\\\/\"},{\"@type\":\"ListItem\",\"position\":2,\"name\":\"Schlagzeilen zum Tag \u2013 2. Oktober 2019\"}]},{\"@type\":\"WebSite\",\"@id\":\"https:\\\/\\\/zurzeit.at\\\/#website\",\"url\":\"https:\\\/\\\/zurzeit.at\\\/\",\"name\":\"ZurZeit\",\"description\":\"Internetseite des Wochenmagazins ZurZeit\",\"potentialAction\":[{\"@type\":\"SearchAction\",\"target\":{\"@type\":\"EntryPoint\",\"urlTemplate\":\"https:\\\/\\\/zurzeit.at\\\/?s={search_term_string}\"},\"query-input\":{\"@type\":\"PropertyValueSpecification\",\"valueRequired\":true,\"valueName\":\"search_term_string\"}}],\"inLanguage\":\"de\"},{\"@type\":\"Person\",\"@id\":\"https:\\\/\\\/zurzeit.at\\\/#\\\/schema\\\/person\\\/e6f4284c4ffdba25c26f295806088e37\",\"name\":\"admin2\",\"image\":{\"@type\":\"ImageObject\",\"inLanguage\":\"de\",\"@id\":\"https:\\\/\\\/secure.gravatar.com\\\/avatar\\\/6b01edb108b3f79fc8950358251ecf3b91c228e319139ad1beec43b6b1b16470?s=96&d=mm&r=g\",\"url\":\"https:\\\/\\\/secure.gravatar.com\\\/avatar\\\/6b01edb108b3f79fc8950358251ecf3b91c228e319139ad1beec43b6b1b16470?s=96&d=mm&r=g\",\"contentUrl\":\"https:\\\/\\\/secure.gravatar.com\\\/avatar\\\/6b01edb108b3f79fc8950358251ecf3b91c228e319139ad1beec43b6b1b16470?s=96&d=mm&r=g\",\"caption\":\"admin2\"},\"url\":\"https:\\\/\\\/zurzeit.at\\\/index.php\\\/author\\\/admin2\\\/\"}]}<\/script>\n<!-- \/ Yoast SEO plugin. -->","yoast_head_json":{"title":"Schlagzeilen zum Tag \u2013 2. Oktober 2019 - ZurZeit","robots":{"index":"index","follow":"follow","max-snippet":"max-snippet:-1","max-image-preview":"max-image-preview:large","max-video-preview":"max-video-preview:-1"},"canonical":"https:\/\/zurzeit.at\/index.php\/schlagzeilen-zum-tag-2-oktober-2019\/","og_locale":"de_DE","og_type":"article","og_title":"Schlagzeilen zum Tag \u2013 2. Oktober 2019 - ZurZeit","og_description":"Karel Gott gestorben Der Schlagers\u00e4nger, der auch als &#8222;goldene Stimme aus Prag&#8220; und &#8222;Sinatra des&hellip;","og_url":"https:\/\/zurzeit.at\/index.php\/schlagzeilen-zum-tag-2-oktober-2019\/","og_site_name":"ZurZeit","article_publisher":"https:\/\/www.facebook.com\/wochenmagazinZurZeit\/","article_published_time":"2019-10-02T14:25:46+00:00","og_image":[{"width":842,"height":596,"url":"https:\/\/zurzeit.at\/wp-content\/uploads\/2019\/06\/Aktuelles-NEU.jpg","type":"image\/jpeg"}],"author":"admin2","twitter_card":"summary_large_image","twitter_misc":{"Verfasst von":"admin2","Gesch\u00e4tzte Lesezeit":"1\u00a0Minute"},"schema":{"@context":"https:\/\/schema.org","@graph":[{"@type":"Article","@id":"https:\/\/zurzeit.at\/index.php\/schlagzeilen-zum-tag-2-oktober-2019\/#article","isPartOf":{"@id":"https:\/\/zurzeit.at\/index.php\/schlagzeilen-zum-tag-2-oktober-2019\/"},"author":{"name":"admin2","@id":"https:\/\/zurzeit.at\/#\/schema\/person\/e6f4284c4ffdba25c26f295806088e37"},"headline":"Schlagzeilen zum Tag \u2013 2. Oktober 2019","datePublished":"2019-10-02T14:25:46+00:00","mainEntityOfPage":{"@id":"https:\/\/zurzeit.at\/index.php\/schlagzeilen-zum-tag-2-oktober-2019\/"},"wordCount":271,"commentCount":0,"image":{"@id":"https:\/\/zurzeit.at\/index.php\/schlagzeilen-zum-tag-2-oktober-2019\/#primaryimage"},"thumbnailUrl":"https:\/\/zurzeit.at\/wp-content\/uploads\/2019\/06\/Aktuelles-NEU.jpg","keywords":["Benny Gantz","Blau-Wei\u00df","Brexit","Deutschland","ER","EU","Frankreich","Israel","Johnson","Karel Gott","Likud","Macron","Moskau","Netanjahu","Russland","Wirtschaft"],"articleSection":["Ausland","Deutschland","Europa","Feuilleton","\u00d6sterreich","Wirtschaft"],"inLanguage":"de","potentialAction":[{"@type":"CommentAction","name":"Comment","target":["https:\/\/zurzeit.at\/index.php\/schlagzeilen-zum-tag-2-oktober-2019\/#respond"]}]},{"@type":"WebPage","@id":"https:\/\/zurzeit.at\/index.php\/schlagzeilen-zum-tag-2-oktober-2019\/","url":"https:\/\/zurzeit.at\/index.php\/schlagzeilen-zum-tag-2-oktober-2019\/","name":"Schlagzeilen zum Tag \u2013 2. Oktober 2019 - ZurZeit","isPartOf":{"@id":"https:\/\/zurzeit.at\/#website"},"primaryImageOfPage":{"@id":"https:\/\/zurzeit.at\/index.php\/schlagzeilen-zum-tag-2-oktober-2019\/#primaryimage"},"image":{"@id":"https:\/\/zurzeit.at\/index.php\/schlagzeilen-zum-tag-2-oktober-2019\/#primaryimage"},"thumbnailUrl":"https:\/\/zurzeit.at\/wp-content\/uploads\/2019\/06\/Aktuelles-NEU.jpg","datePublished":"2019-10-02T14:25:46+00:00","author":{"@id":"https:\/\/zurzeit.at\/#\/schema\/person\/e6f4284c4ffdba25c26f295806088e37"},"breadcrumb":{"@id":"https:\/\/zurzeit.at\/index.php\/schlagzeilen-zum-tag-2-oktober-2019\/#breadcrumb"},"inLanguage":"de","potentialAction":[{"@type":"ReadAction","target":["https:\/\/zurzeit.at\/index.php\/schlagzeilen-zum-tag-2-oktober-2019\/"]}]},{"@type":"ImageObject","inLanguage":"de","@id":"https:\/\/zurzeit.at\/index.php\/schlagzeilen-zum-tag-2-oktober-2019\/#primaryimage","url":"https:\/\/zurzeit.at\/wp-content\/uploads\/2019\/06\/Aktuelles-NEU.jpg","contentUrl":"https:\/\/zurzeit.at\/wp-content\/uploads\/2019\/06\/Aktuelles-NEU.jpg","width":842,"height":596},{"@type":"BreadcrumbList","@id":"https:\/\/zurzeit.at\/index.php\/schlagzeilen-zum-tag-2-oktober-2019\/#breadcrumb","itemListElement":[{"@type":"ListItem","position":1,"name":"Startseite","item":"https:\/\/zurzeit.at\/"},{"@type":"ListItem","position":2,"name":"Schlagzeilen zum Tag \u2013 2. Oktober 2019"}]},{"@type":"WebSite","@id":"https:\/\/zurzeit.at\/#website","url":"https:\/\/zurzeit.at\/","name":"ZurZeit","description":"Internetseite des Wochenmagazins ZurZeit","potentialAction":[{"@type":"SearchAction","target":{"@type":"EntryPoint","urlTemplate":"https:\/\/zurzeit.at\/?s={search_term_string}"},"query-input":{"@type":"PropertyValueSpecification","valueRequired":true,"valueName":"search_term_string"}}],"inLanguage":"de"},{"@type":"Person","@id":"https:\/\/zurzeit.at\/#\/schema\/person\/e6f4284c4ffdba25c26f295806088e37","name":"admin2","image":{"@type":"ImageObject","inLanguage":"de","@id":"https:\/\/secure.gravatar.com\/avatar\/6b01edb108b3f79fc8950358251ecf3b91c228e319139ad1beec43b6b1b16470?s=96&d=mm&r=g","url":"https:\/\/secure.gravatar.com\/avatar\/6b01edb108b3f79fc8950358251ecf3b91c228e319139ad1beec43b6b1b16470?s=96&d=mm&r=g","contentUrl":"https:\/\/secure.gravatar.com\/avatar\/6b01edb108b3f79fc8950358251ecf3b91c228e319139ad1beec43b6b1b16470?s=96&d=mm&r=g","caption":"admin2"},"url":"https:\/\/zurzeit.at\/index.php\/author\/admin2\/"}]}},"_links":{"self":[{"href":"https:\/\/zurzeit.at\/index.php\/wp-json\/wp\/v2\/posts\/3765","targetHints":{"allow":["GET"]}}],"collection":[{"href":"https:\/\/zurzeit.at\/index.php\/wp-json\/wp\/v2\/posts"}],"about":[{"href":"https:\/\/zurzeit.at\/index.php\/wp-json\/wp\/v2\/types\/post"}],"author":[{"embeddable":true,"href":"https:\/\/zurzeit.at\/index.php\/wp-json\/wp\/v2\/users\/3"}],"replies":[{"embeddable":true,"href":"https:\/\/zurzeit.at\/index.php\/wp-json\/wp\/v2\/comments?post=3765"}],"version-history":[{"count":1,"href":"https:\/\/zurzeit.at\/index.php\/wp-json\/wp\/v2\/posts\/3765\/revisions"}],"predecessor-version":[{"id":3766,"href":"https:\/\/zurzeit.at\/index.php\/wp-json\/wp\/v2\/posts\/3765\/revisions\/3766"}],"wp:featuredmedia":[{"embeddable":true,"href":"https:\/\/zurzeit.at\/index.php\/wp-json\/wp\/v2\/media\/2948"}],"wp:attachment":[{"href":"https:\/\/zurzeit.at\/index.php\/wp-json\/wp\/v2\/media?parent=3765"}],"wp:term":[{"taxonomy":"category","embeddable":true,"href":"https:\/\/zurzeit.at\/index.php\/wp-json\/wp\/v2\/categories?post=3765"},{"taxonomy":"post_tag","embeddable":true,"href":"https:\/\/zurzeit.at\/index.php\/wp-json\/wp\/v2\/tags?post=3765"}],"curies":[{"name":"wp","href":"https:\/\/api.w.org\/{rel}","templated":true}]}}