{"id":3791,"date":"2019-10-03T12:56:52","date_gmt":"2019-10-03T10:56:52","guid":{"rendered":"http:\/\/zurzeit.at\/?p=3791"},"modified":"2019-10-03T12:56:52","modified_gmt":"2019-10-03T10:56:52","slug":"schlagzeilen-zum-tag-3-oktober-2019","status":"publish","type":"post","link":"https:\/\/zurzeit.at\/index.php\/schlagzeilen-zum-tag-3-oktober-2019\/","title":{"rendered":"Schlagzeilen zum Tag \u2013 3. Oktober 2019"},"content":{"rendered":"<h1><strong>USA: Weltkriegsbomber st\u00fcrzt ab<\/strong><\/h1>\n<p>Mindestens sieben Menschen sind beim Absturz des historischen Flugzeugs Boeing B-17 ums Leben gekommen, neun sind nach derzeitigem Stand verletzt worden. Laut der Luftfahrtbeh\u00f6rde FAA sei der Weltkriegsbomber am Mittwoch am Flughafen Bradley im US-Staat Connecticut verungl\u00fcckt.<\/p>\n<h2><strong>Demonstranten im Irak get\u00f6tet<\/strong><\/h2>\n<p>In mehreren irakischen St\u00e4dten haben Regierungskritiker trotz einer verh\u00e4ngten Ausgangssperre gegen Korruption und Arbeitslosigkeit protestiert.\u00a0 Dabei wurden in der \u00a0s\u00fcdirakischen Stadt Amarah vier Menschen erschossen, wie Rettungskr\u00e4fte berichteten. Ein weiterer Demonstrant wurde bei Ausschreitungen in der Provinz Dhi Kar get\u00f6tet.<\/p>\n<h2><strong>Hongkong-Proteste arten zu Stra\u00dfenschlachten aus<\/strong><\/h2>\n<p>Nach dem gestrigen Schuss auf einen jungen Demonstranten kam es Donnerstagmorgen zu neuen gewaltigen Ausschreitungen. Die regierungskritischen \u201eDemonstranten\u201c warfen Benzinbomben, errichteten Stra\u00dfenblockaden und zerst\u00f6rten Gesch\u00e4fte und U-Bahn-Stationen. Die \u00fcberforderte Hongkonger Polizei fordert nun die Verh\u00e4ngung einer Ausgangssperre.<\/p>\n<h2><strong>USA will illegalen Migranten mittels DNA registrieren<\/strong><\/h2>\n<p>Damit sollen die M\u00f6glichkeiten Menschen bei einer illegalen Einreise in die USA zu identifizieren leichter gemacht werden. Neben der Einwanderungspolizei und Grenzsch\u00fctzern h\u00e4tten auch andere Beh\u00f6rden Zugriff auf die Daten, wie das Heimatschutzministerium erkl\u00e4rte.<\/p>\n<h2><strong>Wie Gesetzesbrecher in der EU belohnt werden<\/strong><\/h2>\n<p>F\u00fcr ihre \u201eHeldentaten\u201c in Sachen Migrationspolitik hat Sea-Watch-Kapit\u00e4nin Carola Rackete stehende Ovationen im Europaparlament erhalten. In der Versammlung machten Vertreter von Frontex, EU-Kommission, EU-Grundrechteagentur sowie der italienische K\u00fcstenwache-Kapit\u00e4n Andrea Tassara au\u00dferdem klar, dass die Rettung von Fl\u00fcchtlingen im Mittelmeer nicht kriminalisiert werden d\u00fcrfe.<\/p>\n<p>&nbsp;<\/p>\n","protected":false},"excerpt":{"rendered":"<p>USA: Weltkriegsbomber st\u00fcrzt ab Mindestens sieben Menschen sind beim Absturz des historischen Flugzeugs Boeing B-17&hellip;<\/p>\n","protected":false},"author":3,"featured_media":2948,"comment_status":"open","ping_status":"closed","sticky":false,"template":"","format":"standard","meta":{"footnotes":""},"categories":[49,47,48,51,46,50],"tags":[2012,2011,2010,89,85,934,1427,1100,800,2009,1035,1609,2008,242,2013],"class_list":["post-3791","post","type-post","status-publish","format-standard","has-post-thumbnail","hentry","category-ausland","category-deutschland","category-europa","category-feuilleton","category-oesterreich","category-wirtschaft","tag-bagdad","tag-demonstrationen","tag-dna","tag-eu","tag-fluechtlinge","tag-grenzschutz","tag-hongkong","tag-illegale-migration","tag-irak","tag-parlament","tag-polizei","tag-proteste","tag-rakete","tag-usa","tag-weltkrieg"],"yoast_head":"<!-- This site is optimized with the Yoast SEO plugin v28.3 - https:\/\/yoast.com\/product\/yoast-seo-wordpress\/ -->\n<title>Schlagzeilen zum Tag \u2013 3. Oktober 2019 - ZurZeit<\/title>\n<meta name=\"robots\" content=\"index, follow, max-snippet:-1, max-image-preview:large, max-video-preview:-1\" \/>\n<link rel=\"canonical\" href=\"https:\/\/zurzeit.at\/index.php\/schlagzeilen-zum-tag-3-oktober-2019\/\" \/>\n<meta property=\"og:locale\" content=\"de_DE\" \/>\n<meta property=\"og:type\" content=\"article\" \/>\n<meta property=\"og:title\" content=\"Schlagzeilen zum Tag \u2013 3. Oktober 2019 - ZurZeit\" \/>\n<meta property=\"og:description\" content=\"USA: Weltkriegsbomber st\u00fcrzt ab Mindestens sieben Menschen sind beim Absturz des historischen Flugzeugs Boeing B-17&hellip;\" \/>\n<meta property=\"og:url\" content=\"https:\/\/zurzeit.at\/index.php\/schlagzeilen-zum-tag-3-oktober-2019\/\" \/>\n<meta property=\"og:site_name\" content=\"ZurZeit\" \/>\n<meta property=\"article:publisher\" content=\"https:\/\/www.facebook.com\/wochenmagazinZurZeit\/\" \/>\n<meta property=\"article:published_time\" content=\"2019-10-03T10:56:52+00:00\" \/>\n<meta property=\"og:image\" content=\"https:\/\/zurzeit.at\/wp-content\/uploads\/2019\/06\/Aktuelles-NEU.jpg\" \/>\n\t<meta property=\"og:image:width\" content=\"842\" \/>\n\t<meta property=\"og:image:height\" content=\"596\" \/>\n\t<meta property=\"og:image:type\" content=\"image\/jpeg\" \/>\n<meta name=\"author\" content=\"admin2\" \/>\n<meta name=\"twitter:card\" content=\"summary_large_image\" \/>\n<meta name=\"twitter:label1\" content=\"Verfasst von\" \/>\n\t<meta name=\"twitter:data1\" content=\"admin2\" \/>\n\t<meta name=\"twitter:label2\" content=\"Gesch\u00e4tzte Lesezeit\" \/>\n\t<meta name=\"twitter:data2\" content=\"1\u00a0Minute\" \/>\n<script type=\"application\/ld+json\" class=\"yoast-schema-graph\">{\"@context\":\"https:\\\/\\\/schema.org\",\"@graph\":[{\"@type\":\"Article\",\"@id\":\"https:\\\/\\\/zurzeit.at\\\/index.php\\\/schlagzeilen-zum-tag-3-oktober-2019\\\/#article\",\"isPartOf\":{\"@id\":\"https:\\\/\\\/zurzeit.at\\\/index.php\\\/schlagzeilen-zum-tag-3-oktober-2019\\\/\"},\"author\":{\"name\":\"admin2\",\"@id\":\"https:\\\/\\\/zurzeit.at\\\/#\\\/schema\\\/person\\\/e6f4284c4ffdba25c26f295806088e37\"},\"headline\":\"Schlagzeilen zum Tag \u2013 3. Oktober 2019\",\"datePublished\":\"2019-10-03T10:56:52+00:00\",\"mainEntityOfPage\":{\"@id\":\"https:\\\/\\\/zurzeit.at\\\/index.php\\\/schlagzeilen-zum-tag-3-oktober-2019\\\/\"},\"wordCount\":249,\"commentCount\":0,\"image\":{\"@id\":\"https:\\\/\\\/zurzeit.at\\\/index.php\\\/schlagzeilen-zum-tag-3-oktober-2019\\\/#primaryimage\"},\"thumbnailUrl\":\"https:\\\/\\\/zurzeit.at\\\/wp-content\\\/uploads\\\/2019\\\/06\\\/Aktuelles-NEU.jpg\",\"keywords\":[\"Bagdad\",\"Demonstrationen\",\"DNA\",\"EU\",\"Fl\u00fcchtlinge\",\"Grenzschutz\",\"Hongkong\",\"illegale Migration\",\"Irak\",\"Parlament\",\"Polizei\",\"Proteste\",\"Rakete\",\"USA\",\"Weltkrieg\"],\"articleSection\":[\"Ausland\",\"Deutschland\",\"Europa\",\"Feuilleton\",\"\u00d6sterreich\",\"Wirtschaft\"],\"inLanguage\":\"de\",\"potentialAction\":[{\"@type\":\"CommentAction\",\"name\":\"Comment\",\"target\":[\"https:\\\/\\\/zurzeit.at\\\/index.php\\\/schlagzeilen-zum-tag-3-oktober-2019\\\/#respond\"]}]},{\"@type\":\"WebPage\",\"@id\":\"https:\\\/\\\/zurzeit.at\\\/index.php\\\/schlagzeilen-zum-tag-3-oktober-2019\\\/\",\"url\":\"https:\\\/\\\/zurzeit.at\\\/index.php\\\/schlagzeilen-zum-tag-3-oktober-2019\\\/\",\"name\":\"Schlagzeilen zum Tag \u2013 3. Oktober 2019 - ZurZeit\",\"isPartOf\":{\"@id\":\"https:\\\/\\\/zurzeit.at\\\/#website\"},\"primaryImageOfPage\":{\"@id\":\"https:\\\/\\\/zurzeit.at\\\/index.php\\\/schlagzeilen-zum-tag-3-oktober-2019\\\/#primaryimage\"},\"image\":{\"@id\":\"https:\\\/\\\/zurzeit.at\\\/index.php\\\/schlagzeilen-zum-tag-3-oktober-2019\\\/#primaryimage\"},\"thumbnailUrl\":\"https:\\\/\\\/zurzeit.at\\\/wp-content\\\/uploads\\\/2019\\\/06\\\/Aktuelles-NEU.jpg\",\"datePublished\":\"2019-10-03T10:56:52+00:00\",\"author\":{\"@id\":\"https:\\\/\\\/zurzeit.at\\\/#\\\/schema\\\/person\\\/e6f4284c4ffdba25c26f295806088e37\"},\"breadcrumb\":{\"@id\":\"https:\\\/\\\/zurzeit.at\\\/index.php\\\/schlagzeilen-zum-tag-3-oktober-2019\\\/#breadcrumb\"},\"inLanguage\":\"de\",\"potentialAction\":[{\"@type\":\"ReadAction\",\"target\":[\"https:\\\/\\\/zurzeit.at\\\/index.php\\\/schlagzeilen-zum-tag-3-oktober-2019\\\/\"]}]},{\"@type\":\"ImageObject\",\"inLanguage\":\"de\",\"@id\":\"https:\\\/\\\/zurzeit.at\\\/index.php\\\/schlagzeilen-zum-tag-3-oktober-2019\\\/#primaryimage\",\"url\":\"https:\\\/\\\/zurzeit.at\\\/wp-content\\\/uploads\\\/2019\\\/06\\\/Aktuelles-NEU.jpg\",\"contentUrl\":\"https:\\\/\\\/zurzeit.at\\\/wp-content\\\/uploads\\\/2019\\\/06\\\/Aktuelles-NEU.jpg\",\"width\":842,\"height\":596},{\"@type\":\"BreadcrumbList\",\"@id\":\"https:\\\/\\\/zurzeit.at\\\/index.php\\\/schlagzeilen-zum-tag-3-oktober-2019\\\/#breadcrumb\",\"itemListElement\":[{\"@type\":\"ListItem\",\"position\":1,\"name\":\"Startseite\",\"item\":\"https:\\\/\\\/zurzeit.at\\\/\"},{\"@type\":\"ListItem\",\"position\":2,\"name\":\"Schlagzeilen zum Tag \u2013 3. Oktober 2019\"}]},{\"@type\":\"WebSite\",\"@id\":\"https:\\\/\\\/zurzeit.at\\\/#website\",\"url\":\"https:\\\/\\\/zurzeit.at\\\/\",\"name\":\"ZurZeit\",\"description\":\"Internetseite des Wochenmagazins ZurZeit\",\"potentialAction\":[{\"@type\":\"SearchAction\",\"target\":{\"@type\":\"EntryPoint\",\"urlTemplate\":\"https:\\\/\\\/zurzeit.at\\\/?s={search_term_string}\"},\"query-input\":{\"@type\":\"PropertyValueSpecification\",\"valueRequired\":true,\"valueName\":\"search_term_string\"}}],\"inLanguage\":\"de\"},{\"@type\":\"Person\",\"@id\":\"https:\\\/\\\/zurzeit.at\\\/#\\\/schema\\\/person\\\/e6f4284c4ffdba25c26f295806088e37\",\"name\":\"admin2\",\"image\":{\"@type\":\"ImageObject\",\"inLanguage\":\"de\",\"@id\":\"https:\\\/\\\/secure.gravatar.com\\\/avatar\\\/6b01edb108b3f79fc8950358251ecf3b91c228e319139ad1beec43b6b1b16470?s=96&d=mm&r=g\",\"url\":\"https:\\\/\\\/secure.gravatar.com\\\/avatar\\\/6b01edb108b3f79fc8950358251ecf3b91c228e319139ad1beec43b6b1b16470?s=96&d=mm&r=g\",\"contentUrl\":\"https:\\\/\\\/secure.gravatar.com\\\/avatar\\\/6b01edb108b3f79fc8950358251ecf3b91c228e319139ad1beec43b6b1b16470?s=96&d=mm&r=g\",\"caption\":\"admin2\"},\"url\":\"https:\\\/\\\/zurzeit.at\\\/index.php\\\/author\\\/admin2\\\/\"}]}<\/script>\n<!-- \/ Yoast SEO plugin. -->","yoast_head_json":{"title":"Schlagzeilen zum Tag \u2013 3. Oktober 2019 - ZurZeit","robots":{"index":"index","follow":"follow","max-snippet":"max-snippet:-1","max-image-preview":"max-image-preview:large","max-video-preview":"max-video-preview:-1"},"canonical":"https:\/\/zurzeit.at\/index.php\/schlagzeilen-zum-tag-3-oktober-2019\/","og_locale":"de_DE","og_type":"article","og_title":"Schlagzeilen zum Tag \u2013 3. Oktober 2019 - ZurZeit","og_description":"USA: Weltkriegsbomber st\u00fcrzt ab Mindestens sieben Menschen sind beim Absturz des historischen Flugzeugs Boeing B-17&hellip;","og_url":"https:\/\/zurzeit.at\/index.php\/schlagzeilen-zum-tag-3-oktober-2019\/","og_site_name":"ZurZeit","article_publisher":"https:\/\/www.facebook.com\/wochenmagazinZurZeit\/","article_published_time":"2019-10-03T10:56:52+00:00","og_image":[{"width":842,"height":596,"url":"https:\/\/zurzeit.at\/wp-content\/uploads\/2019\/06\/Aktuelles-NEU.jpg","type":"image\/jpeg"}],"author":"admin2","twitter_card":"summary_large_image","twitter_misc":{"Verfasst von":"admin2","Gesch\u00e4tzte Lesezeit":"1\u00a0Minute"},"schema":{"@context":"https:\/\/schema.org","@graph":[{"@type":"Article","@id":"https:\/\/zurzeit.at\/index.php\/schlagzeilen-zum-tag-3-oktober-2019\/#article","isPartOf":{"@id":"https:\/\/zurzeit.at\/index.php\/schlagzeilen-zum-tag-3-oktober-2019\/"},"author":{"name":"admin2","@id":"https:\/\/zurzeit.at\/#\/schema\/person\/e6f4284c4ffdba25c26f295806088e37"},"headline":"Schlagzeilen zum Tag \u2013 3. Oktober 2019","datePublished":"2019-10-03T10:56:52+00:00","mainEntityOfPage":{"@id":"https:\/\/zurzeit.at\/index.php\/schlagzeilen-zum-tag-3-oktober-2019\/"},"wordCount":249,"commentCount":0,"image":{"@id":"https:\/\/zurzeit.at\/index.php\/schlagzeilen-zum-tag-3-oktober-2019\/#primaryimage"},"thumbnailUrl":"https:\/\/zurzeit.at\/wp-content\/uploads\/2019\/06\/Aktuelles-NEU.jpg","keywords":["Bagdad","Demonstrationen","DNA","EU","Fl\u00fcchtlinge","Grenzschutz","Hongkong","illegale Migration","Irak","Parlament","Polizei","Proteste","Rakete","USA","Weltkrieg"],"articleSection":["Ausland","Deutschland","Europa","Feuilleton","\u00d6sterreich","Wirtschaft"],"inLanguage":"de","potentialAction":[{"@type":"CommentAction","name":"Comment","target":["https:\/\/zurzeit.at\/index.php\/schlagzeilen-zum-tag-3-oktober-2019\/#respond"]}]},{"@type":"WebPage","@id":"https:\/\/zurzeit.at\/index.php\/schlagzeilen-zum-tag-3-oktober-2019\/","url":"https:\/\/zurzeit.at\/index.php\/schlagzeilen-zum-tag-3-oktober-2019\/","name":"Schlagzeilen zum Tag \u2013 3. Oktober 2019 - ZurZeit","isPartOf":{"@id":"https:\/\/zurzeit.at\/#website"},"primaryImageOfPage":{"@id":"https:\/\/zurzeit.at\/index.php\/schlagzeilen-zum-tag-3-oktober-2019\/#primaryimage"},"image":{"@id":"https:\/\/zurzeit.at\/index.php\/schlagzeilen-zum-tag-3-oktober-2019\/#primaryimage"},"thumbnailUrl":"https:\/\/zurzeit.at\/wp-content\/uploads\/2019\/06\/Aktuelles-NEU.jpg","datePublished":"2019-10-03T10:56:52+00:00","author":{"@id":"https:\/\/zurzeit.at\/#\/schema\/person\/e6f4284c4ffdba25c26f295806088e37"},"breadcrumb":{"@id":"https:\/\/zurzeit.at\/index.php\/schlagzeilen-zum-tag-3-oktober-2019\/#breadcrumb"},"inLanguage":"de","potentialAction":[{"@type":"ReadAction","target":["https:\/\/zurzeit.at\/index.php\/schlagzeilen-zum-tag-3-oktober-2019\/"]}]},{"@type":"ImageObject","inLanguage":"de","@id":"https:\/\/zurzeit.at\/index.php\/schlagzeilen-zum-tag-3-oktober-2019\/#primaryimage","url":"https:\/\/zurzeit.at\/wp-content\/uploads\/2019\/06\/Aktuelles-NEU.jpg","contentUrl":"https:\/\/zurzeit.at\/wp-content\/uploads\/2019\/06\/Aktuelles-NEU.jpg","width":842,"height":596},{"@type":"BreadcrumbList","@id":"https:\/\/zurzeit.at\/index.php\/schlagzeilen-zum-tag-3-oktober-2019\/#breadcrumb","itemListElement":[{"@type":"ListItem","position":1,"name":"Startseite","item":"https:\/\/zurzeit.at\/"},{"@type":"ListItem","position":2,"name":"Schlagzeilen zum Tag \u2013 3. Oktober 2019"}]},{"@type":"WebSite","@id":"https:\/\/zurzeit.at\/#website","url":"https:\/\/zurzeit.at\/","name":"ZurZeit","description":"Internetseite des Wochenmagazins ZurZeit","potentialAction":[{"@type":"SearchAction","target":{"@type":"EntryPoint","urlTemplate":"https:\/\/zurzeit.at\/?s={search_term_string}"},"query-input":{"@type":"PropertyValueSpecification","valueRequired":true,"valueName":"search_term_string"}}],"inLanguage":"de"},{"@type":"Person","@id":"https:\/\/zurzeit.at\/#\/schema\/person\/e6f4284c4ffdba25c26f295806088e37","name":"admin2","image":{"@type":"ImageObject","inLanguage":"de","@id":"https:\/\/secure.gravatar.com\/avatar\/6b01edb108b3f79fc8950358251ecf3b91c228e319139ad1beec43b6b1b16470?s=96&d=mm&r=g","url":"https:\/\/secure.gravatar.com\/avatar\/6b01edb108b3f79fc8950358251ecf3b91c228e319139ad1beec43b6b1b16470?s=96&d=mm&r=g","contentUrl":"https:\/\/secure.gravatar.com\/avatar\/6b01edb108b3f79fc8950358251ecf3b91c228e319139ad1beec43b6b1b16470?s=96&d=mm&r=g","caption":"admin2"},"url":"https:\/\/zurzeit.at\/index.php\/author\/admin2\/"}]}},"_links":{"self":[{"href":"https:\/\/zurzeit.at\/index.php\/wp-json\/wp\/v2\/posts\/3791","targetHints":{"allow":["GET"]}}],"collection":[{"href":"https:\/\/zurzeit.at\/index.php\/wp-json\/wp\/v2\/posts"}],"about":[{"href":"https:\/\/zurzeit.at\/index.php\/wp-json\/wp\/v2\/types\/post"}],"author":[{"embeddable":true,"href":"https:\/\/zurzeit.at\/index.php\/wp-json\/wp\/v2\/users\/3"}],"replies":[{"embeddable":true,"href":"https:\/\/zurzeit.at\/index.php\/wp-json\/wp\/v2\/comments?post=3791"}],"version-history":[{"count":1,"href":"https:\/\/zurzeit.at\/index.php\/wp-json\/wp\/v2\/posts\/3791\/revisions"}],"predecessor-version":[{"id":3792,"href":"https:\/\/zurzeit.at\/index.php\/wp-json\/wp\/v2\/posts\/3791\/revisions\/3792"}],"wp:featuredmedia":[{"embeddable":true,"href":"https:\/\/zurzeit.at\/index.php\/wp-json\/wp\/v2\/media\/2948"}],"wp:attachment":[{"href":"https:\/\/zurzeit.at\/index.php\/wp-json\/wp\/v2\/media?parent=3791"}],"wp:term":[{"taxonomy":"category","embeddable":true,"href":"https:\/\/zurzeit.at\/index.php\/wp-json\/wp\/v2\/categories?post=3791"},{"taxonomy":"post_tag","embeddable":true,"href":"https:\/\/zurzeit.at\/index.php\/wp-json\/wp\/v2\/tags?post=3791"}],"curies":[{"name":"wp","href":"https:\/\/api.w.org\/{rel}","templated":true}]}}