{"id":4304,"date":"2019-12-02T18:03:03","date_gmt":"2019-12-02T17:03:03","guid":{"rendered":"http:\/\/zurzeit.at\/?p=4304"},"modified":"2019-12-02T18:03:03","modified_gmt":"2019-12-02T17:03:03","slug":"reaktionaerer-adventkalender-ii","status":"publish","type":"post","link":"https:\/\/zurzeit.at\/index.php\/reaktionaerer-adventkalender-ii\/","title":{"rendered":"Reaktion\u00e4rer Adventkalender II"},"content":{"rendered":"<p>Der Verfasser dieser Zeilen ist ein wenig \u00fcbellaunig. Nun muss er doch die Namen der neuen SPD-Spitze \u201egoogeln.\u201c Irgendwie hat er gehofft, dass ihm und der SPD dieses Schicksal erspart bleibt. Nicht nur wegen des zus\u00e4tzlichen Arbeitsaufwandes, sondern auch aufgrund von Restsympathien f\u00fcr die Partei Helmut Schmidts, Gerhard Schr\u00f6ders, Thilo Sarrazins und Heinz Buschkowskys.<\/p>\n<p>Nun gut: Saskia Eskens und Norbert Walter-Borjans. Das wird dauern, bis das sitzt. Dabei hat man sich gerade erst an Olaf Scholz gew\u00f6hnt.<\/p>\n<p>Die beiden Kandidaten, welche die Gro\u00dfe Koalition in Frage stellen und als trojanische Pferde von JUSO-Chef Kevin K\u00fchnert gelten, wurden mit 53 Prozent gew\u00e4hlt. Mit einer Wahlbeteiligung von 54 Prozent. Dies bedeutet, dass sich ein Viertel der SPD-Mitglieder f\u00fcr das linke Duo ausgesprochen hat. Etwas weniger als ein Viertel f\u00fcr das gem\u00e4\u00dfigte Duo. Und die H\u00e4lfte konnte sich gar nicht erst f\u00fcr einen Kandidaten erw\u00e4rmen bzw. f\u00fcr das m\u00fchsam-langwierige Prozedere.<\/p>\n<p>Das Problem bei schrillenden Alarmsirenen ist, dass man sich irgendwann sogar daran gew\u00f6hnt. Wie Baustellen-, Verkehr- oder Flugl\u00e4rm in der Nachbarschaft.<\/p>\n<p>Wie geht es nun weiter? Die SPD k\u00f6nnte die gro\u00dfe Koalition verlassen und ihr Heil in der Opposition suchen. Dann beginnt das gro\u00dfe Man\u00f6vrieren, Taktieren, Hinterzimmerpalavern. Kann die CDU mit AKK eine Jamaika-Koalition oder Arbeits\u00fcbereinkommen zusammenschustern. K\u00f6nnen sich die Werteunion und Friedrich Merz durchsetzen. CDU-FDP mit AfD-Duldung. Kommt es gleich zu Neuwahlen. Und wird angesichts des angek\u00fcndigten Chaos Merkel dem Cincinnatus gleich zur\u00fcckgerufen: Das Chaos oder ich\u2026<\/p>\n<p>Och Kevin. So was Nettes zum ersten Advent. Und dazu noch selbst gebastelt.<\/p>\n<p>Angesichts dieser Optionen, welche zwar Unterhaltung versprechen, aber keinen Ausweg, h\u00e4tte man eigentlich gleich B\u00f6hmermann zum SPD-Vorsitzenden per Akklamation ernennen k\u00f6nnen.<\/p>\n<p>Denn der Schm\u00e4h war wirklich witzig.<\/p>\n<p>W\u00e4hrend die SPD sich selbst den Kopf abschl\u00e4gt und wie ein Huhn noch ein paar Runden im Kreis rennt, macht die AfD einen gro\u00dfen strategischen Schritt Richtung Mitbestimmung.<\/p>\n<p>Am Bundesparteitag wurde Meuthen best\u00e4tigt und Chrupalla zum Nachfolger Gaulands gew\u00e4hlt. H\u00f6cke richtete ein Angebot an die th\u00fcringische CDU. Die AfD ist bereit eine Minderheitsregierung der Union zu st\u00fctzen, wenn sich die Union wieder ihrer konservativen Wurzeln sowie der Vernunft besinnt. Zwischen den Zeilen ist das auch ein Angebot an die CDU im Bund. Wenn die SPD implodiert und ihr Merkel loswerdet, k\u00f6nnten wir eine Minderheitsregierung st\u00fctzen.<\/p>\n<p>Angesichts der Streichung von 10.000 Stellen bei Daimler und der Entpuppung des Abschiebezirkus als perpetuum mobile \u2013 knapp 30.000 ausgewiesene Asylanten sind erneut eingereist \u2013 dr\u00e4ngt die Rekonservatisierung der Union.<\/p>\n<p>Was am AfD-Parteitag zus\u00e4tzlich positiv \u00fcberraschend auffiel war die Redezeitbeschr\u00e4nkung der Kandidaten. Genial. So viele Stunden verlorener Lebenszeit, weil schon alles gesagt war, aber noch nicht oft genug, k\u00f6nnen nun wieder zur\u00fcckgewonnen werden. Ein Signal an alle anderen Parteien, Vereine und \u00e4hnliche Organisationen. Lasst die Leute fr\u00fcher heim zu Frau und Kind. Beschr\u00e4nkt die Redezeit.<\/p>\n<p>Unterdessen dachten sich Kohlearbeiter in der Lausitz: Warum den Spie\u00df nicht umdrehen. Sie stellten sich vor die \u201eEnde Gel\u00e4nde\u201c-Demonstranten, die den Kohle-Betrieb lahmlegten mit Plakaten: Ohne uns ist der Bio-Latte kalt. Wir liefern Strom Tag und Nacht.<\/p>\n<p>Zudem stellten sie sich vor einen Lieferwagen der Demonstranten &#8211; dieser war pikanterweise mit einem Verbrennungsmotor ausgestattet \u2013 und skandierten \u201eDiesel aus. Diesel aus.\u201c<\/p>\n<p>Die Botschaft zwischen den Zeilen ist unmissverst\u00e4ndlich: Lasst uns endlich wieder an unseren Arbeitsplatz. Lasst die Polizei endlich wieder Kriminelle jagen. Und sucht Euch gef\u00e4lligst einen Arbeitsplatz, anstatt andere von ihrer Arbeit abzuhalten.<\/p>\n<p>Die n\u00e4chste gro\u00dfe \u00dcberraschung war der Abfahrtssieg eines Deutschen. Und die \u00d6sterreicher sind bei der EM.<\/p>\n<p>[Autor: <a href=\"https:\/\/zurzeit.at\/index.php\/autoren\/\">G.B.<\/a> Bild:<a href=\"https:\/\/de.wikipedia.org\/wiki\/B%C3%B6hmermann-Aff%C3%A4re#\/media\/Datei:Jan_B%C3%B6hmermann_in_Rostock_2014_06.jpg\"> <span class=\"licensetpl_attr\">www.wikipedia.org\/<span class=\"mw-mmv-source-author\"><span class=\"mw-mmv-author\"> Jonas Rogowski <\/span> <\/span> <\/span><\/a><span class=\"licensetpl_attr\">Lizenz: <\/span><a class=\"mw-mmv-license\" href=\"https:\/\/creativecommons.org\/licenses\/by-sa\/3.0\" target=\"_blank\" rel=\"noopener noreferrer\">CC BY-SA 3.0<\/a>]<\/p>\n","protected":false},"excerpt":{"rendered":"<p>Der Verfasser dieser Zeilen ist ein wenig \u00fcbellaunig. Nun muss er doch die Namen der&hellip;<\/p>\n","protected":false},"author":3,"featured_media":4305,"comment_status":"open","ping_status":"closed","sticky":false,"template":"","format":"standard","meta":{"footnotes":""},"categories":[49,47,48,46],"tags":[62,2562,342,2564,2565,2561,2563,2566,308,1944,343],"class_list":["post-4304","post","type-post","status-publish","format-standard","has-post-thumbnail","hentry","category-ausland","category-deutschland","category-europa","category-oesterreich","tag-afd","tag-borjan","tag-cdu","tag-chrupalla","tag-ende-gelaende","tag-eskens","tag-kuehnert","tag-lausitz","tag-merkel","tag-meuthen","tag-spd"],"yoast_head":"<!-- This site is optimized with the Yoast SEO plugin v28.3 - https:\/\/yoast.com\/product\/yoast-seo-wordpress\/ -->\n<title>Reaktion\u00e4rer Adventkalender II - ZurZeit<\/title>\n<meta name=\"robots\" content=\"index, follow, max-snippet:-1, max-image-preview:large, max-video-preview:-1\" \/>\n<link rel=\"canonical\" href=\"https:\/\/zurzeit.at\/index.php\/reaktionaerer-adventkalender-ii\/\" \/>\n<meta property=\"og:locale\" content=\"de_DE\" \/>\n<meta property=\"og:type\" content=\"article\" \/>\n<meta property=\"og:title\" content=\"Reaktion\u00e4rer Adventkalender II - ZurZeit\" \/>\n<meta property=\"og:description\" content=\"Der Verfasser dieser Zeilen ist ein wenig \u00fcbellaunig. Nun muss er doch die Namen der&hellip;\" \/>\n<meta property=\"og:url\" content=\"https:\/\/zurzeit.at\/index.php\/reaktionaerer-adventkalender-ii\/\" \/>\n<meta property=\"og:site_name\" content=\"ZurZeit\" \/>\n<meta property=\"article:publisher\" content=\"https:\/\/www.facebook.com\/wochenmagazinZurZeit\/\" \/>\n<meta property=\"article:published_time\" content=\"2019-12-02T17:03:03+00:00\" \/>\n<meta property=\"og:image\" content=\"https:\/\/zurzeit.at\/wp-content\/uploads\/2019\/12\/Jan_B\u00f6hmermann_in_Rostock_2014_06.jpg\" \/>\n\t<meta property=\"og:image:width\" content=\"800\" \/>\n\t<meta property=\"og:image:height\" content=\"1159\" \/>\n\t<meta property=\"og:image:type\" content=\"image\/jpeg\" \/>\n<meta name=\"author\" content=\"admin2\" \/>\n<meta name=\"twitter:card\" content=\"summary_large_image\" \/>\n<meta name=\"twitter:label1\" content=\"Verfasst von\" \/>\n\t<meta name=\"twitter:data1\" content=\"admin2\" \/>\n\t<meta name=\"twitter:label2\" content=\"Gesch\u00e4tzte Lesezeit\" \/>\n\t<meta name=\"twitter:data2\" content=\"3\u00a0Minuten\" \/>\n<script type=\"application\/ld+json\" class=\"yoast-schema-graph\">{\"@context\":\"https:\\\/\\\/schema.org\",\"@graph\":[{\"@type\":\"Article\",\"@id\":\"https:\\\/\\\/zurzeit.at\\\/index.php\\\/reaktionaerer-adventkalender-ii\\\/#article\",\"isPartOf\":{\"@id\":\"https:\\\/\\\/zurzeit.at\\\/index.php\\\/reaktionaerer-adventkalender-ii\\\/\"},\"author\":{\"name\":\"admin2\",\"@id\":\"https:\\\/\\\/zurzeit.at\\\/#\\\/schema\\\/person\\\/e6f4284c4ffdba25c26f295806088e37\"},\"headline\":\"Reaktion\u00e4rer Adventkalender II\",\"datePublished\":\"2019-12-02T17:03:03+00:00\",\"mainEntityOfPage\":{\"@id\":\"https:\\\/\\\/zurzeit.at\\\/index.php\\\/reaktionaerer-adventkalender-ii\\\/\"},\"wordCount\":626,\"commentCount\":0,\"image\":{\"@id\":\"https:\\\/\\\/zurzeit.at\\\/index.php\\\/reaktionaerer-adventkalender-ii\\\/#primaryimage\"},\"thumbnailUrl\":\"https:\\\/\\\/zurzeit.at\\\/wp-content\\\/uploads\\\/2019\\\/12\\\/Jan_B\u00f6hmermann_in_Rostock_2014_06.jpg\",\"keywords\":[\"AFD\",\"Borjan\",\"CDU\",\"Chrupalla\",\"Ende Gel\u00e4nde\",\"Eskens\",\"K\u00fchnert\",\"Lausitz\",\"Merkel\",\"Meuthen\",\"SPD\"],\"articleSection\":[\"Ausland\",\"Deutschland\",\"Europa\",\"\u00d6sterreich\"],\"inLanguage\":\"de\",\"potentialAction\":[{\"@type\":\"CommentAction\",\"name\":\"Comment\",\"target\":[\"https:\\\/\\\/zurzeit.at\\\/index.php\\\/reaktionaerer-adventkalender-ii\\\/#respond\"]}]},{\"@type\":\"WebPage\",\"@id\":\"https:\\\/\\\/zurzeit.at\\\/index.php\\\/reaktionaerer-adventkalender-ii\\\/\",\"url\":\"https:\\\/\\\/zurzeit.at\\\/index.php\\\/reaktionaerer-adventkalender-ii\\\/\",\"name\":\"Reaktion\u00e4rer Adventkalender II - ZurZeit\",\"isPartOf\":{\"@id\":\"https:\\\/\\\/zurzeit.at\\\/#website\"},\"primaryImageOfPage\":{\"@id\":\"https:\\\/\\\/zurzeit.at\\\/index.php\\\/reaktionaerer-adventkalender-ii\\\/#primaryimage\"},\"image\":{\"@id\":\"https:\\\/\\\/zurzeit.at\\\/index.php\\\/reaktionaerer-adventkalender-ii\\\/#primaryimage\"},\"thumbnailUrl\":\"https:\\\/\\\/zurzeit.at\\\/wp-content\\\/uploads\\\/2019\\\/12\\\/Jan_B\u00f6hmermann_in_Rostock_2014_06.jpg\",\"datePublished\":\"2019-12-02T17:03:03+00:00\",\"author\":{\"@id\":\"https:\\\/\\\/zurzeit.at\\\/#\\\/schema\\\/person\\\/e6f4284c4ffdba25c26f295806088e37\"},\"breadcrumb\":{\"@id\":\"https:\\\/\\\/zurzeit.at\\\/index.php\\\/reaktionaerer-adventkalender-ii\\\/#breadcrumb\"},\"inLanguage\":\"de\",\"potentialAction\":[{\"@type\":\"ReadAction\",\"target\":[\"https:\\\/\\\/zurzeit.at\\\/index.php\\\/reaktionaerer-adventkalender-ii\\\/\"]}]},{\"@type\":\"ImageObject\",\"inLanguage\":\"de\",\"@id\":\"https:\\\/\\\/zurzeit.at\\\/index.php\\\/reaktionaerer-adventkalender-ii\\\/#primaryimage\",\"url\":\"https:\\\/\\\/zurzeit.at\\\/wp-content\\\/uploads\\\/2019\\\/12\\\/Jan_B\u00f6hmermann_in_Rostock_2014_06.jpg\",\"contentUrl\":\"https:\\\/\\\/zurzeit.at\\\/wp-content\\\/uploads\\\/2019\\\/12\\\/Jan_B\u00f6hmermann_in_Rostock_2014_06.jpg\",\"width\":800,\"height\":1159},{\"@type\":\"BreadcrumbList\",\"@id\":\"https:\\\/\\\/zurzeit.at\\\/index.php\\\/reaktionaerer-adventkalender-ii\\\/#breadcrumb\",\"itemListElement\":[{\"@type\":\"ListItem\",\"position\":1,\"name\":\"Startseite\",\"item\":\"https:\\\/\\\/zurzeit.at\\\/\"},{\"@type\":\"ListItem\",\"position\":2,\"name\":\"Reaktion\u00e4rer Adventkalender II\"}]},{\"@type\":\"WebSite\",\"@id\":\"https:\\\/\\\/zurzeit.at\\\/#website\",\"url\":\"https:\\\/\\\/zurzeit.at\\\/\",\"name\":\"ZurZeit\",\"description\":\"Internetseite des Wochenmagazins ZurZeit\",\"potentialAction\":[{\"@type\":\"SearchAction\",\"target\":{\"@type\":\"EntryPoint\",\"urlTemplate\":\"https:\\\/\\\/zurzeit.at\\\/?s={search_term_string}\"},\"query-input\":{\"@type\":\"PropertyValueSpecification\",\"valueRequired\":true,\"valueName\":\"search_term_string\"}}],\"inLanguage\":\"de\"},{\"@type\":\"Person\",\"@id\":\"https:\\\/\\\/zurzeit.at\\\/#\\\/schema\\\/person\\\/e6f4284c4ffdba25c26f295806088e37\",\"name\":\"admin2\",\"image\":{\"@type\":\"ImageObject\",\"inLanguage\":\"de\",\"@id\":\"https:\\\/\\\/secure.gravatar.com\\\/avatar\\\/6b01edb108b3f79fc8950358251ecf3b91c228e319139ad1beec43b6b1b16470?s=96&d=mm&r=g\",\"url\":\"https:\\\/\\\/secure.gravatar.com\\\/avatar\\\/6b01edb108b3f79fc8950358251ecf3b91c228e319139ad1beec43b6b1b16470?s=96&d=mm&r=g\",\"contentUrl\":\"https:\\\/\\\/secure.gravatar.com\\\/avatar\\\/6b01edb108b3f79fc8950358251ecf3b91c228e319139ad1beec43b6b1b16470?s=96&d=mm&r=g\",\"caption\":\"admin2\"},\"url\":\"https:\\\/\\\/zurzeit.at\\\/index.php\\\/author\\\/admin2\\\/\"}]}<\/script>\n<!-- \/ Yoast SEO plugin. -->","yoast_head_json":{"title":"Reaktion\u00e4rer Adventkalender II - ZurZeit","robots":{"index":"index","follow":"follow","max-snippet":"max-snippet:-1","max-image-preview":"max-image-preview:large","max-video-preview":"max-video-preview:-1"},"canonical":"https:\/\/zurzeit.at\/index.php\/reaktionaerer-adventkalender-ii\/","og_locale":"de_DE","og_type":"article","og_title":"Reaktion\u00e4rer Adventkalender II - ZurZeit","og_description":"Der Verfasser dieser Zeilen ist ein wenig \u00fcbellaunig. Nun muss er doch die Namen der&hellip;","og_url":"https:\/\/zurzeit.at\/index.php\/reaktionaerer-adventkalender-ii\/","og_site_name":"ZurZeit","article_publisher":"https:\/\/www.facebook.com\/wochenmagazinZurZeit\/","article_published_time":"2019-12-02T17:03:03+00:00","og_image":[{"width":800,"height":1159,"url":"https:\/\/zurzeit.at\/wp-content\/uploads\/2019\/12\/Jan_B\u00f6hmermann_in_Rostock_2014_06.jpg","type":"image\/jpeg"}],"author":"admin2","twitter_card":"summary_large_image","twitter_misc":{"Verfasst von":"admin2","Gesch\u00e4tzte Lesezeit":"3\u00a0Minuten"},"schema":{"@context":"https:\/\/schema.org","@graph":[{"@type":"Article","@id":"https:\/\/zurzeit.at\/index.php\/reaktionaerer-adventkalender-ii\/#article","isPartOf":{"@id":"https:\/\/zurzeit.at\/index.php\/reaktionaerer-adventkalender-ii\/"},"author":{"name":"admin2","@id":"https:\/\/zurzeit.at\/#\/schema\/person\/e6f4284c4ffdba25c26f295806088e37"},"headline":"Reaktion\u00e4rer Adventkalender II","datePublished":"2019-12-02T17:03:03+00:00","mainEntityOfPage":{"@id":"https:\/\/zurzeit.at\/index.php\/reaktionaerer-adventkalender-ii\/"},"wordCount":626,"commentCount":0,"image":{"@id":"https:\/\/zurzeit.at\/index.php\/reaktionaerer-adventkalender-ii\/#primaryimage"},"thumbnailUrl":"https:\/\/zurzeit.at\/wp-content\/uploads\/2019\/12\/Jan_B\u00f6hmermann_in_Rostock_2014_06.jpg","keywords":["AFD","Borjan","CDU","Chrupalla","Ende Gel\u00e4nde","Eskens","K\u00fchnert","Lausitz","Merkel","Meuthen","SPD"],"articleSection":["Ausland","Deutschland","Europa","\u00d6sterreich"],"inLanguage":"de","potentialAction":[{"@type":"CommentAction","name":"Comment","target":["https:\/\/zurzeit.at\/index.php\/reaktionaerer-adventkalender-ii\/#respond"]}]},{"@type":"WebPage","@id":"https:\/\/zurzeit.at\/index.php\/reaktionaerer-adventkalender-ii\/","url":"https:\/\/zurzeit.at\/index.php\/reaktionaerer-adventkalender-ii\/","name":"Reaktion\u00e4rer Adventkalender II - ZurZeit","isPartOf":{"@id":"https:\/\/zurzeit.at\/#website"},"primaryImageOfPage":{"@id":"https:\/\/zurzeit.at\/index.php\/reaktionaerer-adventkalender-ii\/#primaryimage"},"image":{"@id":"https:\/\/zurzeit.at\/index.php\/reaktionaerer-adventkalender-ii\/#primaryimage"},"thumbnailUrl":"https:\/\/zurzeit.at\/wp-content\/uploads\/2019\/12\/Jan_B\u00f6hmermann_in_Rostock_2014_06.jpg","datePublished":"2019-12-02T17:03:03+00:00","author":{"@id":"https:\/\/zurzeit.at\/#\/schema\/person\/e6f4284c4ffdba25c26f295806088e37"},"breadcrumb":{"@id":"https:\/\/zurzeit.at\/index.php\/reaktionaerer-adventkalender-ii\/#breadcrumb"},"inLanguage":"de","potentialAction":[{"@type":"ReadAction","target":["https:\/\/zurzeit.at\/index.php\/reaktionaerer-adventkalender-ii\/"]}]},{"@type":"ImageObject","inLanguage":"de","@id":"https:\/\/zurzeit.at\/index.php\/reaktionaerer-adventkalender-ii\/#primaryimage","url":"https:\/\/zurzeit.at\/wp-content\/uploads\/2019\/12\/Jan_B\u00f6hmermann_in_Rostock_2014_06.jpg","contentUrl":"https:\/\/zurzeit.at\/wp-content\/uploads\/2019\/12\/Jan_B\u00f6hmermann_in_Rostock_2014_06.jpg","width":800,"height":1159},{"@type":"BreadcrumbList","@id":"https:\/\/zurzeit.at\/index.php\/reaktionaerer-adventkalender-ii\/#breadcrumb","itemListElement":[{"@type":"ListItem","position":1,"name":"Startseite","item":"https:\/\/zurzeit.at\/"},{"@type":"ListItem","position":2,"name":"Reaktion\u00e4rer Adventkalender II"}]},{"@type":"WebSite","@id":"https:\/\/zurzeit.at\/#website","url":"https:\/\/zurzeit.at\/","name":"ZurZeit","description":"Internetseite des Wochenmagazins ZurZeit","potentialAction":[{"@type":"SearchAction","target":{"@type":"EntryPoint","urlTemplate":"https:\/\/zurzeit.at\/?s={search_term_string}"},"query-input":{"@type":"PropertyValueSpecification","valueRequired":true,"valueName":"search_term_string"}}],"inLanguage":"de"},{"@type":"Person","@id":"https:\/\/zurzeit.at\/#\/schema\/person\/e6f4284c4ffdba25c26f295806088e37","name":"admin2","image":{"@type":"ImageObject","inLanguage":"de","@id":"https:\/\/secure.gravatar.com\/avatar\/6b01edb108b3f79fc8950358251ecf3b91c228e319139ad1beec43b6b1b16470?s=96&d=mm&r=g","url":"https:\/\/secure.gravatar.com\/avatar\/6b01edb108b3f79fc8950358251ecf3b91c228e319139ad1beec43b6b1b16470?s=96&d=mm&r=g","contentUrl":"https:\/\/secure.gravatar.com\/avatar\/6b01edb108b3f79fc8950358251ecf3b91c228e319139ad1beec43b6b1b16470?s=96&d=mm&r=g","caption":"admin2"},"url":"https:\/\/zurzeit.at\/index.php\/author\/admin2\/"}]}},"_links":{"self":[{"href":"https:\/\/zurzeit.at\/index.php\/wp-json\/wp\/v2\/posts\/4304","targetHints":{"allow":["GET"]}}],"collection":[{"href":"https:\/\/zurzeit.at\/index.php\/wp-json\/wp\/v2\/posts"}],"about":[{"href":"https:\/\/zurzeit.at\/index.php\/wp-json\/wp\/v2\/types\/post"}],"author":[{"embeddable":true,"href":"https:\/\/zurzeit.at\/index.php\/wp-json\/wp\/v2\/users\/3"}],"replies":[{"embeddable":true,"href":"https:\/\/zurzeit.at\/index.php\/wp-json\/wp\/v2\/comments?post=4304"}],"version-history":[{"count":1,"href":"https:\/\/zurzeit.at\/index.php\/wp-json\/wp\/v2\/posts\/4304\/revisions"}],"predecessor-version":[{"id":4306,"href":"https:\/\/zurzeit.at\/index.php\/wp-json\/wp\/v2\/posts\/4304\/revisions\/4306"}],"wp:featuredmedia":[{"embeddable":true,"href":"https:\/\/zurzeit.at\/index.php\/wp-json\/wp\/v2\/media\/4305"}],"wp:attachment":[{"href":"https:\/\/zurzeit.at\/index.php\/wp-json\/wp\/v2\/media?parent=4304"}],"wp:term":[{"taxonomy":"category","embeddable":true,"href":"https:\/\/zurzeit.at\/index.php\/wp-json\/wp\/v2\/categories?post=4304"},{"taxonomy":"post_tag","embeddable":true,"href":"https:\/\/zurzeit.at\/index.php\/wp-json\/wp\/v2\/tags?post=4304"}],"curies":[{"name":"wp","href":"https:\/\/api.w.org\/{rel}","templated":true}]}}