{"id":4310,"date":"2019-12-03T12:49:30","date_gmt":"2019-12-03T11:49:30","guid":{"rendered":"http:\/\/zurzeit.at\/?p=4310"},"modified":"2019-12-03T12:49:30","modified_gmt":"2019-12-03T11:49:30","slug":"heilige-greta-bitte-fuer-uns","status":"publish","type":"post","link":"https:\/\/zurzeit.at\/index.php\/heilige-greta-bitte-fuer-uns\/","title":{"rendered":"Heilige Greta, bitte f\u00fcr uns!"},"content":{"rendered":"<h1>Oder: Wie sich die Welt zum Narren macht.<\/h1>\n<p>Im Vergleich zu Jesus von Nazarath verlief die Karriere der Greta T. geradezu blitzartig. Nicht einmal eine Kreuzigung ist notwendig, um sie in die Geschichtsb\u00fccher eingehen zu lassen.<\/p>\n<p>Apropos eingehen: W\u00e4hrend die muntere Greta im Katamaran \u00fcber die Meere schippert, fliegt die Journalistenmeute in der Business-Class einer \u201egiftigen Kerosinschleuder\u201c hinterher und bringt die armen Meeresfischlein um. Was sagt Greta denn dazu? &#8211; Nichts!<\/p>\n<p>Was sagt Greta dazu, dass der schwedische Inverstor Ingmar Rentzborg sie f\u00fcr seine finanziellen Interessen einspannt &#8211; was wohl kaum ohne ein entsprechendes Honorar abgewickelt wird? \u2013 Nichts!<\/p>\n<p>Dennoch ist sie weltweit h\u00f6chst pr\u00e4sent in allen Medien, die ihre Leser offenbar gern mit Orchideenthemen bei Laune halten. Auch in \u00d6sterreich ist es praktisch unm\u00f6glich, dem zopfigen Klimakind zu entgehen.<\/p>\n<p>So titelte der \u201eKurier\u201c k\u00fcrzlich erst eine niederschmetternde Nachricht: \u201eGreta Thunberg \u00fcberstand ihr erstes Unwetter auf hoher See.\u201c<\/p>\n<p>Und der\u201eStandard\u201c stellte j\u00fcngst auf einer Doppelseite gar die doch etwas indiskrete Frage: \u201eWie viel Greta steckt in dir?\u201c Selbst der geneigte Standard-Leser wird sie wohl unbeantwortet lassen. Wer gibt schon freiwillig Auskunft \u00fcber sein Sexualverhalten.<\/p>\n<p>All das hat den Autor dieser Zeilen nun auf eine gl\u00e4nzende Idee gebracht. Er wird sich \u2013 statt die Universit\u00e4t zu besuchen \u2013 mit einem kleinen Papiert\u00e4felchen mit der Aufschrift \u201eRefugees welcome\u201c vor der Uni niederlassen. Wird sich die Haare wachsen lassen und zwei Z\u00f6pfchen flechten und sich Omas gestrickte Wollhandschuhe \u00fcberziehen. Dazu noch eine kleine, angeborene Neurose. Voila. Da ist sie. Greta II. Mehr braucht\u2019s nicht. Nur warten. Und hoffen.<\/p>\n<p>Und siehe da: In zwei Monaten ist man ein Weltstar, wird vom Papst empfangen und von den reichsten Investoren als Role Model kampagnisiert. Geld verdienen ohne Leistung. Gar nicht \u00fcbel. Wenn das alle tun, haben wir lauter Helden \u2013 unbegabte freilich. Und wer tats\u00e4chlich Talent hat? Wer tats\u00e4chlich mehr drauf hat, als sich mit zwei Z\u00f6pfen und einer Papptafel vor die Schule zu setzten? Uninteressant! Brauchen wir nicht! Zuerst muss die Welt gerettet werden, dann erst haben wir wieder Zeit f\u00fcrs Wesentliches!<\/p>\n<p>[Autor: <a href=\"https:\/\/zurzeit.at\/index.php\/autoren\/\">A.L.<\/a> Bild: <a href=\"https:\/\/de.m.wikipedia.org\/wiki\/Datei:Greta_Thunberg_sp119.jpg\"><span class=\"licensetpl_attr\">www.wikipedia.org\/Jan Ainali <\/span><\/a><span class=\"licensetpl_attr\">Lizenz: <\/span><a href=\"https:\/\/creativecommons.org\/licenses\/by-sa\/4.0\/deed.de\"><span class=\"cc-license-identifier\">CC BY-SA 4.0<\/span><\/a>]<\/p>\n","protected":false},"excerpt":{"rendered":"<p>Oder: Wie sich die Welt zum Narren macht. Im Vergleich zu Jesus von Nazarath verlief&hellip;<\/p>\n","protected":false},"author":3,"featured_media":4311,"comment_status":"open","ping_status":"closed","sticky":false,"template":"","format":"standard","meta":{"footnotes":""},"categories":[51],"tags":[312,2574,2425],"class_list":["post-4310","post","type-post","status-publish","format-standard","has-post-thumbnail","hentry","category-feuilleton","tag-greta-thunberg","tag-ingmar-rentzborg","tag-jesus"],"yoast_head":"<!-- This site is optimized with the Yoast SEO plugin v28.3 - https:\/\/yoast.com\/product\/yoast-seo-wordpress\/ -->\n<title>Heilige Greta, bitte f\u00fcr uns! - ZurZeit<\/title>\n<meta name=\"robots\" content=\"index, follow, max-snippet:-1, max-image-preview:large, max-video-preview:-1\" \/>\n<link rel=\"canonical\" href=\"https:\/\/zurzeit.at\/index.php\/heilige-greta-bitte-fuer-uns\/\" \/>\n<meta property=\"og:locale\" content=\"de_DE\" \/>\n<meta property=\"og:type\" content=\"article\" \/>\n<meta property=\"og:title\" content=\"Heilige Greta, bitte f\u00fcr uns! - ZurZeit\" \/>\n<meta property=\"og:description\" content=\"Oder: Wie sich die Welt zum Narren macht. Im Vergleich zu Jesus von Nazarath verlief&hellip;\" \/>\n<meta property=\"og:url\" content=\"https:\/\/zurzeit.at\/index.php\/heilige-greta-bitte-fuer-uns\/\" \/>\n<meta property=\"og:site_name\" content=\"ZurZeit\" \/>\n<meta property=\"article:publisher\" content=\"https:\/\/www.facebook.com\/wochenmagazinZurZeit\/\" \/>\n<meta property=\"article:published_time\" content=\"2019-12-03T11:49:30+00:00\" \/>\n<meta property=\"og:image\" content=\"https:\/\/zurzeit.at\/wp-content\/uploads\/2019\/12\/Greta_Thunberg_sp119.jpg\" \/>\n\t<meta property=\"og:image:width\" content=\"1000\" \/>\n\t<meta property=\"og:image:height\" content=\"1080\" \/>\n\t<meta property=\"og:image:type\" content=\"image\/jpeg\" \/>\n<meta name=\"author\" content=\"admin2\" \/>\n<meta name=\"twitter:card\" content=\"summary_large_image\" \/>\n<meta name=\"twitter:label1\" content=\"Verfasst von\" \/>\n\t<meta name=\"twitter:data1\" content=\"admin2\" \/>\n\t<meta name=\"twitter:label2\" content=\"Gesch\u00e4tzte Lesezeit\" \/>\n\t<meta name=\"twitter:data2\" content=\"2\u00a0Minuten\" \/>\n<script type=\"application\/ld+json\" class=\"yoast-schema-graph\">{\"@context\":\"https:\\\/\\\/schema.org\",\"@graph\":[{\"@type\":\"Article\",\"@id\":\"https:\\\/\\\/zurzeit.at\\\/index.php\\\/heilige-greta-bitte-fuer-uns\\\/#article\",\"isPartOf\":{\"@id\":\"https:\\\/\\\/zurzeit.at\\\/index.php\\\/heilige-greta-bitte-fuer-uns\\\/\"},\"author\":{\"name\":\"admin2\",\"@id\":\"https:\\\/\\\/zurzeit.at\\\/#\\\/schema\\\/person\\\/e6f4284c4ffdba25c26f295806088e37\"},\"headline\":\"Heilige Greta, bitte f\u00fcr uns!\",\"datePublished\":\"2019-12-03T11:49:30+00:00\",\"mainEntityOfPage\":{\"@id\":\"https:\\\/\\\/zurzeit.at\\\/index.php\\\/heilige-greta-bitte-fuer-uns\\\/\"},\"wordCount\":369,\"commentCount\":0,\"image\":{\"@id\":\"https:\\\/\\\/zurzeit.at\\\/index.php\\\/heilige-greta-bitte-fuer-uns\\\/#primaryimage\"},\"thumbnailUrl\":\"https:\\\/\\\/zurzeit.at\\\/wp-content\\\/uploads\\\/2019\\\/12\\\/Greta_Thunberg_sp119.jpg\",\"keywords\":[\"Greta Thunberg\",\"Ingmar Rentzborg\",\"Jesus\"],\"articleSection\":[\"Feuilleton\"],\"inLanguage\":\"de\",\"potentialAction\":[{\"@type\":\"CommentAction\",\"name\":\"Comment\",\"target\":[\"https:\\\/\\\/zurzeit.at\\\/index.php\\\/heilige-greta-bitte-fuer-uns\\\/#respond\"]}]},{\"@type\":\"WebPage\",\"@id\":\"https:\\\/\\\/zurzeit.at\\\/index.php\\\/heilige-greta-bitte-fuer-uns\\\/\",\"url\":\"https:\\\/\\\/zurzeit.at\\\/index.php\\\/heilige-greta-bitte-fuer-uns\\\/\",\"name\":\"Heilige Greta, bitte f\u00fcr uns! - ZurZeit\",\"isPartOf\":{\"@id\":\"https:\\\/\\\/zurzeit.at\\\/#website\"},\"primaryImageOfPage\":{\"@id\":\"https:\\\/\\\/zurzeit.at\\\/index.php\\\/heilige-greta-bitte-fuer-uns\\\/#primaryimage\"},\"image\":{\"@id\":\"https:\\\/\\\/zurzeit.at\\\/index.php\\\/heilige-greta-bitte-fuer-uns\\\/#primaryimage\"},\"thumbnailUrl\":\"https:\\\/\\\/zurzeit.at\\\/wp-content\\\/uploads\\\/2019\\\/12\\\/Greta_Thunberg_sp119.jpg\",\"datePublished\":\"2019-12-03T11:49:30+00:00\",\"author\":{\"@id\":\"https:\\\/\\\/zurzeit.at\\\/#\\\/schema\\\/person\\\/e6f4284c4ffdba25c26f295806088e37\"},\"breadcrumb\":{\"@id\":\"https:\\\/\\\/zurzeit.at\\\/index.php\\\/heilige-greta-bitte-fuer-uns\\\/#breadcrumb\"},\"inLanguage\":\"de\",\"potentialAction\":[{\"@type\":\"ReadAction\",\"target\":[\"https:\\\/\\\/zurzeit.at\\\/index.php\\\/heilige-greta-bitte-fuer-uns\\\/\"]}]},{\"@type\":\"ImageObject\",\"inLanguage\":\"de\",\"@id\":\"https:\\\/\\\/zurzeit.at\\\/index.php\\\/heilige-greta-bitte-fuer-uns\\\/#primaryimage\",\"url\":\"https:\\\/\\\/zurzeit.at\\\/wp-content\\\/uploads\\\/2019\\\/12\\\/Greta_Thunberg_sp119.jpg\",\"contentUrl\":\"https:\\\/\\\/zurzeit.at\\\/wp-content\\\/uploads\\\/2019\\\/12\\\/Greta_Thunberg_sp119.jpg\",\"width\":1000,\"height\":1080},{\"@type\":\"BreadcrumbList\",\"@id\":\"https:\\\/\\\/zurzeit.at\\\/index.php\\\/heilige-greta-bitte-fuer-uns\\\/#breadcrumb\",\"itemListElement\":[{\"@type\":\"ListItem\",\"position\":1,\"name\":\"Startseite\",\"item\":\"https:\\\/\\\/zurzeit.at\\\/\"},{\"@type\":\"ListItem\",\"position\":2,\"name\":\"Heilige Greta, bitte f\u00fcr uns!\"}]},{\"@type\":\"WebSite\",\"@id\":\"https:\\\/\\\/zurzeit.at\\\/#website\",\"url\":\"https:\\\/\\\/zurzeit.at\\\/\",\"name\":\"ZurZeit\",\"description\":\"Internetseite des Wochenmagazins ZurZeit\",\"potentialAction\":[{\"@type\":\"SearchAction\",\"target\":{\"@type\":\"EntryPoint\",\"urlTemplate\":\"https:\\\/\\\/zurzeit.at\\\/?s={search_term_string}\"},\"query-input\":{\"@type\":\"PropertyValueSpecification\",\"valueRequired\":true,\"valueName\":\"search_term_string\"}}],\"inLanguage\":\"de\"},{\"@type\":\"Person\",\"@id\":\"https:\\\/\\\/zurzeit.at\\\/#\\\/schema\\\/person\\\/e6f4284c4ffdba25c26f295806088e37\",\"name\":\"admin2\",\"image\":{\"@type\":\"ImageObject\",\"inLanguage\":\"de\",\"@id\":\"https:\\\/\\\/secure.gravatar.com\\\/avatar\\\/6b01edb108b3f79fc8950358251ecf3b91c228e319139ad1beec43b6b1b16470?s=96&d=mm&r=g\",\"url\":\"https:\\\/\\\/secure.gravatar.com\\\/avatar\\\/6b01edb108b3f79fc8950358251ecf3b91c228e319139ad1beec43b6b1b16470?s=96&d=mm&r=g\",\"contentUrl\":\"https:\\\/\\\/secure.gravatar.com\\\/avatar\\\/6b01edb108b3f79fc8950358251ecf3b91c228e319139ad1beec43b6b1b16470?s=96&d=mm&r=g\",\"caption\":\"admin2\"},\"url\":\"https:\\\/\\\/zurzeit.at\\\/index.php\\\/author\\\/admin2\\\/\"}]}<\/script>\n<!-- \/ Yoast SEO plugin. -->","yoast_head_json":{"title":"Heilige Greta, bitte f\u00fcr uns! - ZurZeit","robots":{"index":"index","follow":"follow","max-snippet":"max-snippet:-1","max-image-preview":"max-image-preview:large","max-video-preview":"max-video-preview:-1"},"canonical":"https:\/\/zurzeit.at\/index.php\/heilige-greta-bitte-fuer-uns\/","og_locale":"de_DE","og_type":"article","og_title":"Heilige Greta, bitte f\u00fcr uns! - ZurZeit","og_description":"Oder: Wie sich die Welt zum Narren macht. Im Vergleich zu Jesus von Nazarath verlief&hellip;","og_url":"https:\/\/zurzeit.at\/index.php\/heilige-greta-bitte-fuer-uns\/","og_site_name":"ZurZeit","article_publisher":"https:\/\/www.facebook.com\/wochenmagazinZurZeit\/","article_published_time":"2019-12-03T11:49:30+00:00","og_image":[{"width":1000,"height":1080,"url":"https:\/\/zurzeit.at\/wp-content\/uploads\/2019\/12\/Greta_Thunberg_sp119.jpg","type":"image\/jpeg"}],"author":"admin2","twitter_card":"summary_large_image","twitter_misc":{"Verfasst von":"admin2","Gesch\u00e4tzte Lesezeit":"2\u00a0Minuten"},"schema":{"@context":"https:\/\/schema.org","@graph":[{"@type":"Article","@id":"https:\/\/zurzeit.at\/index.php\/heilige-greta-bitte-fuer-uns\/#article","isPartOf":{"@id":"https:\/\/zurzeit.at\/index.php\/heilige-greta-bitte-fuer-uns\/"},"author":{"name":"admin2","@id":"https:\/\/zurzeit.at\/#\/schema\/person\/e6f4284c4ffdba25c26f295806088e37"},"headline":"Heilige Greta, bitte f\u00fcr uns!","datePublished":"2019-12-03T11:49:30+00:00","mainEntityOfPage":{"@id":"https:\/\/zurzeit.at\/index.php\/heilige-greta-bitte-fuer-uns\/"},"wordCount":369,"commentCount":0,"image":{"@id":"https:\/\/zurzeit.at\/index.php\/heilige-greta-bitte-fuer-uns\/#primaryimage"},"thumbnailUrl":"https:\/\/zurzeit.at\/wp-content\/uploads\/2019\/12\/Greta_Thunberg_sp119.jpg","keywords":["Greta Thunberg","Ingmar Rentzborg","Jesus"],"articleSection":["Feuilleton"],"inLanguage":"de","potentialAction":[{"@type":"CommentAction","name":"Comment","target":["https:\/\/zurzeit.at\/index.php\/heilige-greta-bitte-fuer-uns\/#respond"]}]},{"@type":"WebPage","@id":"https:\/\/zurzeit.at\/index.php\/heilige-greta-bitte-fuer-uns\/","url":"https:\/\/zurzeit.at\/index.php\/heilige-greta-bitte-fuer-uns\/","name":"Heilige Greta, bitte f\u00fcr uns! - ZurZeit","isPartOf":{"@id":"https:\/\/zurzeit.at\/#website"},"primaryImageOfPage":{"@id":"https:\/\/zurzeit.at\/index.php\/heilige-greta-bitte-fuer-uns\/#primaryimage"},"image":{"@id":"https:\/\/zurzeit.at\/index.php\/heilige-greta-bitte-fuer-uns\/#primaryimage"},"thumbnailUrl":"https:\/\/zurzeit.at\/wp-content\/uploads\/2019\/12\/Greta_Thunberg_sp119.jpg","datePublished":"2019-12-03T11:49:30+00:00","author":{"@id":"https:\/\/zurzeit.at\/#\/schema\/person\/e6f4284c4ffdba25c26f295806088e37"},"breadcrumb":{"@id":"https:\/\/zurzeit.at\/index.php\/heilige-greta-bitte-fuer-uns\/#breadcrumb"},"inLanguage":"de","potentialAction":[{"@type":"ReadAction","target":["https:\/\/zurzeit.at\/index.php\/heilige-greta-bitte-fuer-uns\/"]}]},{"@type":"ImageObject","inLanguage":"de","@id":"https:\/\/zurzeit.at\/index.php\/heilige-greta-bitte-fuer-uns\/#primaryimage","url":"https:\/\/zurzeit.at\/wp-content\/uploads\/2019\/12\/Greta_Thunberg_sp119.jpg","contentUrl":"https:\/\/zurzeit.at\/wp-content\/uploads\/2019\/12\/Greta_Thunberg_sp119.jpg","width":1000,"height":1080},{"@type":"BreadcrumbList","@id":"https:\/\/zurzeit.at\/index.php\/heilige-greta-bitte-fuer-uns\/#breadcrumb","itemListElement":[{"@type":"ListItem","position":1,"name":"Startseite","item":"https:\/\/zurzeit.at\/"},{"@type":"ListItem","position":2,"name":"Heilige Greta, bitte f\u00fcr uns!"}]},{"@type":"WebSite","@id":"https:\/\/zurzeit.at\/#website","url":"https:\/\/zurzeit.at\/","name":"ZurZeit","description":"Internetseite des Wochenmagazins ZurZeit","potentialAction":[{"@type":"SearchAction","target":{"@type":"EntryPoint","urlTemplate":"https:\/\/zurzeit.at\/?s={search_term_string}"},"query-input":{"@type":"PropertyValueSpecification","valueRequired":true,"valueName":"search_term_string"}}],"inLanguage":"de"},{"@type":"Person","@id":"https:\/\/zurzeit.at\/#\/schema\/person\/e6f4284c4ffdba25c26f295806088e37","name":"admin2","image":{"@type":"ImageObject","inLanguage":"de","@id":"https:\/\/secure.gravatar.com\/avatar\/6b01edb108b3f79fc8950358251ecf3b91c228e319139ad1beec43b6b1b16470?s=96&d=mm&r=g","url":"https:\/\/secure.gravatar.com\/avatar\/6b01edb108b3f79fc8950358251ecf3b91c228e319139ad1beec43b6b1b16470?s=96&d=mm&r=g","contentUrl":"https:\/\/secure.gravatar.com\/avatar\/6b01edb108b3f79fc8950358251ecf3b91c228e319139ad1beec43b6b1b16470?s=96&d=mm&r=g","caption":"admin2"},"url":"https:\/\/zurzeit.at\/index.php\/author\/admin2\/"}]}},"_links":{"self":[{"href":"https:\/\/zurzeit.at\/index.php\/wp-json\/wp\/v2\/posts\/4310","targetHints":{"allow":["GET"]}}],"collection":[{"href":"https:\/\/zurzeit.at\/index.php\/wp-json\/wp\/v2\/posts"}],"about":[{"href":"https:\/\/zurzeit.at\/index.php\/wp-json\/wp\/v2\/types\/post"}],"author":[{"embeddable":true,"href":"https:\/\/zurzeit.at\/index.php\/wp-json\/wp\/v2\/users\/3"}],"replies":[{"embeddable":true,"href":"https:\/\/zurzeit.at\/index.php\/wp-json\/wp\/v2\/comments?post=4310"}],"version-history":[{"count":1,"href":"https:\/\/zurzeit.at\/index.php\/wp-json\/wp\/v2\/posts\/4310\/revisions"}],"predecessor-version":[{"id":4312,"href":"https:\/\/zurzeit.at\/index.php\/wp-json\/wp\/v2\/posts\/4310\/revisions\/4312"}],"wp:featuredmedia":[{"embeddable":true,"href":"https:\/\/zurzeit.at\/index.php\/wp-json\/wp\/v2\/media\/4311"}],"wp:attachment":[{"href":"https:\/\/zurzeit.at\/index.php\/wp-json\/wp\/v2\/media?parent=4310"}],"wp:term":[{"taxonomy":"category","embeddable":true,"href":"https:\/\/zurzeit.at\/index.php\/wp-json\/wp\/v2\/categories?post=4310"},{"taxonomy":"post_tag","embeddable":true,"href":"https:\/\/zurzeit.at\/index.php\/wp-json\/wp\/v2\/tags?post=4310"}],"curies":[{"name":"wp","href":"https:\/\/api.w.org\/{rel}","templated":true}]}}