{"id":5160,"date":"2020-03-04T11:53:30","date_gmt":"2020-03-04T10:53:30","guid":{"rendered":"http:\/\/zurzeit.at\/?p=5160"},"modified":"2020-03-04T11:54:16","modified_gmt":"2020-03-04T10:54:16","slug":"strategie-der-linken-die-reichen-erschiessen","status":"publish","type":"post","link":"https:\/\/zurzeit.at\/index.php\/strategie-der-linken-die-reichen-erschiessen\/","title":{"rendered":"Strategie der Linken: \u201eDie Reichen erschie\u00dfen\u201c"},"content":{"rendered":"<h1>Nachfolger der DDR-Kommunisten zeigen ihr wahres Gesicht<\/h1>\n<p>W\u00e4hrend in der Bundesrepublik Deutschland der sogenannte \u201eKampf gegen Rechts\u201c immer hysterischer wird, haben Linke nicht nur im Fasching Narrenfreiheit, sondern das ganze Jahr. So fand am vergangenen Wochenende in Kassel eine \u201eStrategiekonferenz\u201c der Partei \u201eDie Linke\u201c \u2013 das sind die politischen Nachfolger der DDR-Kommunisten \u2013 zum Thema \u201eEnergiepolitik\u201c statt.<\/p>\n<p>Bei der Diskussion meldete sich eine Frau zu Wort und tat kund: \u201eEnergiewende ist auch n\u00f6tig nach &#8217;ner Revolution. Und auch wenn wir das eine Prozent der Reichen erschossen haben, ist es immer noch so, dass wir heizen wollen, wir wollen uns fortbewegen. Na ja, is&#8216; so!\u201c. Wer gedacht h\u00e4tte, dass die Diskussionsleiterin oder der anwesende Parteichef Bernd Riexinger die Frau wegen ihrer Gewaltverherrlichung zurechtwiesen, der irrt. Riexinger sagte lediglich: \u201eIch m\u00f6chte nur sagen: Wir erschie\u00dfen sie nicht, wir setzen sie schon f\u00fcr n\u00fctzliche Arbeit ein.\u201c Laut \u201eFrankfurter Allgemeine Zeitung\u201c reagierte der Saal mit \u201eBeifall und Lachen\u201c.<\/p>\n<p>F\u00fcr die Linksfaschisten ist also die Ermordung der \u201eReichen\u201c ein Mittel der Politik. Genauso wie das \u201eEinsetzen f\u00fcr n\u00fctzliche Arbeit\u201c. Auch der kommunistische Despot Josef Stalin setzte\u00a0 die \u201eReichen\u201c und politische Gegner f\u00fcr \u201en\u00fctzliche Arbeit\u201c ein. Und zwar im Gulag, was oftmals das Todesurteil bedeutete.<\/p>\n<p>Am unverst\u00e4ndlichsten an der ganzen Sache ist aber das Schweigen der \u201eAnst\u00e4ndigen\u201c, der selbsternannten \u201eDemokraten\u201c und der gutmenschlichen Bedenkentr\u00e4ger.<\/p>\n<p>[Autor: <a href=\"https:\/\/zurzeit.at\/index.php\/autoren\/\">B.T.<\/a> Bild: <a href=\"https:\/\/en.wikipedia.org\/wiki\/File:Mexican_execution,_1914.jpg\">www.wikipedia.org<\/a> L<span class=\"licensetpl_attr\">izenz: <a href=\"https:\/\/creativecommons.org\/licenses\/by-sa\/2.0\/deed.en\">CC BY-SA 2.0<\/a><\/span>]<\/p>\n","protected":false},"excerpt":{"rendered":"<p>Nachfolger der DDR-Kommunisten zeigen ihr wahres Gesicht W\u00e4hrend in der Bundesrepublik Deutschland der sogenannte \u201eKampf&hellip;<\/p>\n","protected":false},"author":3,"featured_media":5161,"comment_status":"open","ping_status":"closed","sticky":false,"template":"","format":"standard","meta":{"footnotes":""},"categories":[47],"tags":[60,3108,713,160,194,71,3107,3106],"class_list":["post-5160","post","type-post","status-publish","format-standard","has-post-thumbnail","hentry","category-deutschland","tag-deutschland","tag-erschiessen","tag-kommunismus","tag-linke","tag-linksextremismus","tag-mord","tag-reiche","tag-riexinger"],"yoast_head":"<!-- This site is optimized with the Yoast SEO plugin v28.3 - https:\/\/yoast.com\/product\/yoast-seo-wordpress\/ -->\n<title>Strategie der Linken: \u201eDie Reichen erschie\u00dfen\u201c - ZurZeit<\/title>\n<meta name=\"robots\" content=\"index, follow, max-snippet:-1, max-image-preview:large, max-video-preview:-1\" \/>\n<link rel=\"canonical\" href=\"https:\/\/zurzeit.at\/index.php\/strategie-der-linken-die-reichen-erschiessen\/\" \/>\n<meta property=\"og:locale\" content=\"de_DE\" \/>\n<meta property=\"og:type\" content=\"article\" \/>\n<meta property=\"og:title\" content=\"Strategie der Linken: \u201eDie Reichen erschie\u00dfen\u201c - ZurZeit\" \/>\n<meta property=\"og:description\" content=\"Nachfolger der DDR-Kommunisten zeigen ihr wahres Gesicht W\u00e4hrend in der Bundesrepublik Deutschland der sogenannte \u201eKampf&hellip;\" \/>\n<meta property=\"og:url\" content=\"https:\/\/zurzeit.at\/index.php\/strategie-der-linken-die-reichen-erschiessen\/\" \/>\n<meta property=\"og:site_name\" content=\"ZurZeit\" \/>\n<meta property=\"article:publisher\" content=\"https:\/\/www.facebook.com\/wochenmagazinZurZeit\/\" \/>\n<meta property=\"article:published_time\" content=\"2020-03-04T10:53:30+00:00\" \/>\n<meta property=\"article:modified_time\" content=\"2020-03-04T10:54:16+00:00\" \/>\n<meta property=\"og:image\" content=\"https:\/\/zurzeit.at\/wp-content\/uploads\/2020\/03\/Mexican_execution_1914.jpg\" \/>\n\t<meta property=\"og:image:width\" content=\"1280\" \/>\n\t<meta property=\"og:image:height\" content=\"726\" \/>\n\t<meta property=\"og:image:type\" content=\"image\/jpeg\" \/>\n<meta name=\"author\" content=\"admin2\" \/>\n<meta name=\"twitter:card\" content=\"summary_large_image\" \/>\n<meta name=\"twitter:label1\" content=\"Verfasst von\" \/>\n\t<meta name=\"twitter:data1\" content=\"admin2\" \/>\n\t<meta name=\"twitter:label2\" content=\"Gesch\u00e4tzte Lesezeit\" \/>\n\t<meta name=\"twitter:data2\" content=\"1\u00a0Minute\" \/>\n<script type=\"application\/ld+json\" class=\"yoast-schema-graph\">{\"@context\":\"https:\\\/\\\/schema.org\",\"@graph\":[{\"@type\":\"Article\",\"@id\":\"https:\\\/\\\/zurzeit.at\\\/index.php\\\/strategie-der-linken-die-reichen-erschiessen\\\/#article\",\"isPartOf\":{\"@id\":\"https:\\\/\\\/zurzeit.at\\\/index.php\\\/strategie-der-linken-die-reichen-erschiessen\\\/\"},\"author\":{\"name\":\"admin2\",\"@id\":\"https:\\\/\\\/zurzeit.at\\\/#\\\/schema\\\/person\\\/e6f4284c4ffdba25c26f295806088e37\"},\"headline\":\"Strategie der Linken: \u201eDie Reichen erschie\u00dfen\u201c\",\"datePublished\":\"2020-03-04T10:53:30+00:00\",\"dateModified\":\"2020-03-04T10:54:16+00:00\",\"mainEntityOfPage\":{\"@id\":\"https:\\\/\\\/zurzeit.at\\\/index.php\\\/strategie-der-linken-die-reichen-erschiessen\\\/\"},\"wordCount\":248,\"commentCount\":0,\"image\":{\"@id\":\"https:\\\/\\\/zurzeit.at\\\/index.php\\\/strategie-der-linken-die-reichen-erschiessen\\\/#primaryimage\"},\"thumbnailUrl\":\"https:\\\/\\\/zurzeit.at\\\/wp-content\\\/uploads\\\/2020\\\/03\\\/Mexican_execution_1914.jpg\",\"keywords\":[\"Deutschland\",\"Erschie\u00dfen\",\"Kommunismus\",\"Linke\",\"Linksextremismus\",\"Mord\",\"Reiche\",\"Riexinger\"],\"articleSection\":[\"Deutschland\"],\"inLanguage\":\"de\",\"potentialAction\":[{\"@type\":\"CommentAction\",\"name\":\"Comment\",\"target\":[\"https:\\\/\\\/zurzeit.at\\\/index.php\\\/strategie-der-linken-die-reichen-erschiessen\\\/#respond\"]}]},{\"@type\":\"WebPage\",\"@id\":\"https:\\\/\\\/zurzeit.at\\\/index.php\\\/strategie-der-linken-die-reichen-erschiessen\\\/\",\"url\":\"https:\\\/\\\/zurzeit.at\\\/index.php\\\/strategie-der-linken-die-reichen-erschiessen\\\/\",\"name\":\"Strategie der Linken: \u201eDie Reichen erschie\u00dfen\u201c - ZurZeit\",\"isPartOf\":{\"@id\":\"https:\\\/\\\/zurzeit.at\\\/#website\"},\"primaryImageOfPage\":{\"@id\":\"https:\\\/\\\/zurzeit.at\\\/index.php\\\/strategie-der-linken-die-reichen-erschiessen\\\/#primaryimage\"},\"image\":{\"@id\":\"https:\\\/\\\/zurzeit.at\\\/index.php\\\/strategie-der-linken-die-reichen-erschiessen\\\/#primaryimage\"},\"thumbnailUrl\":\"https:\\\/\\\/zurzeit.at\\\/wp-content\\\/uploads\\\/2020\\\/03\\\/Mexican_execution_1914.jpg\",\"datePublished\":\"2020-03-04T10:53:30+00:00\",\"dateModified\":\"2020-03-04T10:54:16+00:00\",\"author\":{\"@id\":\"https:\\\/\\\/zurzeit.at\\\/#\\\/schema\\\/person\\\/e6f4284c4ffdba25c26f295806088e37\"},\"breadcrumb\":{\"@id\":\"https:\\\/\\\/zurzeit.at\\\/index.php\\\/strategie-der-linken-die-reichen-erschiessen\\\/#breadcrumb\"},\"inLanguage\":\"de\",\"potentialAction\":[{\"@type\":\"ReadAction\",\"target\":[\"https:\\\/\\\/zurzeit.at\\\/index.php\\\/strategie-der-linken-die-reichen-erschiessen\\\/\"]}]},{\"@type\":\"ImageObject\",\"inLanguage\":\"de\",\"@id\":\"https:\\\/\\\/zurzeit.at\\\/index.php\\\/strategie-der-linken-die-reichen-erschiessen\\\/#primaryimage\",\"url\":\"https:\\\/\\\/zurzeit.at\\\/wp-content\\\/uploads\\\/2020\\\/03\\\/Mexican_execution_1914.jpg\",\"contentUrl\":\"https:\\\/\\\/zurzeit.at\\\/wp-content\\\/uploads\\\/2020\\\/03\\\/Mexican_execution_1914.jpg\",\"width\":1280,\"height\":726},{\"@type\":\"BreadcrumbList\",\"@id\":\"https:\\\/\\\/zurzeit.at\\\/index.php\\\/strategie-der-linken-die-reichen-erschiessen\\\/#breadcrumb\",\"itemListElement\":[{\"@type\":\"ListItem\",\"position\":1,\"name\":\"Startseite\",\"item\":\"https:\\\/\\\/zurzeit.at\\\/\"},{\"@type\":\"ListItem\",\"position\":2,\"name\":\"Strategie der Linken: \u201eDie Reichen erschie\u00dfen\u201c\"}]},{\"@type\":\"WebSite\",\"@id\":\"https:\\\/\\\/zurzeit.at\\\/#website\",\"url\":\"https:\\\/\\\/zurzeit.at\\\/\",\"name\":\"ZurZeit\",\"description\":\"Internetseite des Wochenmagazins ZurZeit\",\"potentialAction\":[{\"@type\":\"SearchAction\",\"target\":{\"@type\":\"EntryPoint\",\"urlTemplate\":\"https:\\\/\\\/zurzeit.at\\\/?s={search_term_string}\"},\"query-input\":{\"@type\":\"PropertyValueSpecification\",\"valueRequired\":true,\"valueName\":\"search_term_string\"}}],\"inLanguage\":\"de\"},{\"@type\":\"Person\",\"@id\":\"https:\\\/\\\/zurzeit.at\\\/#\\\/schema\\\/person\\\/e6f4284c4ffdba25c26f295806088e37\",\"name\":\"admin2\",\"image\":{\"@type\":\"ImageObject\",\"inLanguage\":\"de\",\"@id\":\"https:\\\/\\\/secure.gravatar.com\\\/avatar\\\/6b01edb108b3f79fc8950358251ecf3b91c228e319139ad1beec43b6b1b16470?s=96&d=mm&r=g\",\"url\":\"https:\\\/\\\/secure.gravatar.com\\\/avatar\\\/6b01edb108b3f79fc8950358251ecf3b91c228e319139ad1beec43b6b1b16470?s=96&d=mm&r=g\",\"contentUrl\":\"https:\\\/\\\/secure.gravatar.com\\\/avatar\\\/6b01edb108b3f79fc8950358251ecf3b91c228e319139ad1beec43b6b1b16470?s=96&d=mm&r=g\",\"caption\":\"admin2\"},\"url\":\"https:\\\/\\\/zurzeit.at\\\/index.php\\\/author\\\/admin2\\\/\"}]}<\/script>\n<!-- \/ Yoast SEO plugin. -->","yoast_head_json":{"title":"Strategie der Linken: \u201eDie Reichen erschie\u00dfen\u201c - ZurZeit","robots":{"index":"index","follow":"follow","max-snippet":"max-snippet:-1","max-image-preview":"max-image-preview:large","max-video-preview":"max-video-preview:-1"},"canonical":"https:\/\/zurzeit.at\/index.php\/strategie-der-linken-die-reichen-erschiessen\/","og_locale":"de_DE","og_type":"article","og_title":"Strategie der Linken: \u201eDie Reichen erschie\u00dfen\u201c - ZurZeit","og_description":"Nachfolger der DDR-Kommunisten zeigen ihr wahres Gesicht W\u00e4hrend in der Bundesrepublik Deutschland der sogenannte \u201eKampf&hellip;","og_url":"https:\/\/zurzeit.at\/index.php\/strategie-der-linken-die-reichen-erschiessen\/","og_site_name":"ZurZeit","article_publisher":"https:\/\/www.facebook.com\/wochenmagazinZurZeit\/","article_published_time":"2020-03-04T10:53:30+00:00","article_modified_time":"2020-03-04T10:54:16+00:00","og_image":[{"width":1280,"height":726,"url":"https:\/\/zurzeit.at\/wp-content\/uploads\/2020\/03\/Mexican_execution_1914.jpg","type":"image\/jpeg"}],"author":"admin2","twitter_card":"summary_large_image","twitter_misc":{"Verfasst von":"admin2","Gesch\u00e4tzte Lesezeit":"1\u00a0Minute"},"schema":{"@context":"https:\/\/schema.org","@graph":[{"@type":"Article","@id":"https:\/\/zurzeit.at\/index.php\/strategie-der-linken-die-reichen-erschiessen\/#article","isPartOf":{"@id":"https:\/\/zurzeit.at\/index.php\/strategie-der-linken-die-reichen-erschiessen\/"},"author":{"name":"admin2","@id":"https:\/\/zurzeit.at\/#\/schema\/person\/e6f4284c4ffdba25c26f295806088e37"},"headline":"Strategie der Linken: \u201eDie Reichen erschie\u00dfen\u201c","datePublished":"2020-03-04T10:53:30+00:00","dateModified":"2020-03-04T10:54:16+00:00","mainEntityOfPage":{"@id":"https:\/\/zurzeit.at\/index.php\/strategie-der-linken-die-reichen-erschiessen\/"},"wordCount":248,"commentCount":0,"image":{"@id":"https:\/\/zurzeit.at\/index.php\/strategie-der-linken-die-reichen-erschiessen\/#primaryimage"},"thumbnailUrl":"https:\/\/zurzeit.at\/wp-content\/uploads\/2020\/03\/Mexican_execution_1914.jpg","keywords":["Deutschland","Erschie\u00dfen","Kommunismus","Linke","Linksextremismus","Mord","Reiche","Riexinger"],"articleSection":["Deutschland"],"inLanguage":"de","potentialAction":[{"@type":"CommentAction","name":"Comment","target":["https:\/\/zurzeit.at\/index.php\/strategie-der-linken-die-reichen-erschiessen\/#respond"]}]},{"@type":"WebPage","@id":"https:\/\/zurzeit.at\/index.php\/strategie-der-linken-die-reichen-erschiessen\/","url":"https:\/\/zurzeit.at\/index.php\/strategie-der-linken-die-reichen-erschiessen\/","name":"Strategie der Linken: \u201eDie Reichen erschie\u00dfen\u201c - ZurZeit","isPartOf":{"@id":"https:\/\/zurzeit.at\/#website"},"primaryImageOfPage":{"@id":"https:\/\/zurzeit.at\/index.php\/strategie-der-linken-die-reichen-erschiessen\/#primaryimage"},"image":{"@id":"https:\/\/zurzeit.at\/index.php\/strategie-der-linken-die-reichen-erschiessen\/#primaryimage"},"thumbnailUrl":"https:\/\/zurzeit.at\/wp-content\/uploads\/2020\/03\/Mexican_execution_1914.jpg","datePublished":"2020-03-04T10:53:30+00:00","dateModified":"2020-03-04T10:54:16+00:00","author":{"@id":"https:\/\/zurzeit.at\/#\/schema\/person\/e6f4284c4ffdba25c26f295806088e37"},"breadcrumb":{"@id":"https:\/\/zurzeit.at\/index.php\/strategie-der-linken-die-reichen-erschiessen\/#breadcrumb"},"inLanguage":"de","potentialAction":[{"@type":"ReadAction","target":["https:\/\/zurzeit.at\/index.php\/strategie-der-linken-die-reichen-erschiessen\/"]}]},{"@type":"ImageObject","inLanguage":"de","@id":"https:\/\/zurzeit.at\/index.php\/strategie-der-linken-die-reichen-erschiessen\/#primaryimage","url":"https:\/\/zurzeit.at\/wp-content\/uploads\/2020\/03\/Mexican_execution_1914.jpg","contentUrl":"https:\/\/zurzeit.at\/wp-content\/uploads\/2020\/03\/Mexican_execution_1914.jpg","width":1280,"height":726},{"@type":"BreadcrumbList","@id":"https:\/\/zurzeit.at\/index.php\/strategie-der-linken-die-reichen-erschiessen\/#breadcrumb","itemListElement":[{"@type":"ListItem","position":1,"name":"Startseite","item":"https:\/\/zurzeit.at\/"},{"@type":"ListItem","position":2,"name":"Strategie der Linken: \u201eDie Reichen erschie\u00dfen\u201c"}]},{"@type":"WebSite","@id":"https:\/\/zurzeit.at\/#website","url":"https:\/\/zurzeit.at\/","name":"ZurZeit","description":"Internetseite des Wochenmagazins ZurZeit","potentialAction":[{"@type":"SearchAction","target":{"@type":"EntryPoint","urlTemplate":"https:\/\/zurzeit.at\/?s={search_term_string}"},"query-input":{"@type":"PropertyValueSpecification","valueRequired":true,"valueName":"search_term_string"}}],"inLanguage":"de"},{"@type":"Person","@id":"https:\/\/zurzeit.at\/#\/schema\/person\/e6f4284c4ffdba25c26f295806088e37","name":"admin2","image":{"@type":"ImageObject","inLanguage":"de","@id":"https:\/\/secure.gravatar.com\/avatar\/6b01edb108b3f79fc8950358251ecf3b91c228e319139ad1beec43b6b1b16470?s=96&d=mm&r=g","url":"https:\/\/secure.gravatar.com\/avatar\/6b01edb108b3f79fc8950358251ecf3b91c228e319139ad1beec43b6b1b16470?s=96&d=mm&r=g","contentUrl":"https:\/\/secure.gravatar.com\/avatar\/6b01edb108b3f79fc8950358251ecf3b91c228e319139ad1beec43b6b1b16470?s=96&d=mm&r=g","caption":"admin2"},"url":"https:\/\/zurzeit.at\/index.php\/author\/admin2\/"}]}},"_links":{"self":[{"href":"https:\/\/zurzeit.at\/index.php\/wp-json\/wp\/v2\/posts\/5160","targetHints":{"allow":["GET"]}}],"collection":[{"href":"https:\/\/zurzeit.at\/index.php\/wp-json\/wp\/v2\/posts"}],"about":[{"href":"https:\/\/zurzeit.at\/index.php\/wp-json\/wp\/v2\/types\/post"}],"author":[{"embeddable":true,"href":"https:\/\/zurzeit.at\/index.php\/wp-json\/wp\/v2\/users\/3"}],"replies":[{"embeddable":true,"href":"https:\/\/zurzeit.at\/index.php\/wp-json\/wp\/v2\/comments?post=5160"}],"version-history":[{"count":1,"href":"https:\/\/zurzeit.at\/index.php\/wp-json\/wp\/v2\/posts\/5160\/revisions"}],"predecessor-version":[{"id":5162,"href":"https:\/\/zurzeit.at\/index.php\/wp-json\/wp\/v2\/posts\/5160\/revisions\/5162"}],"wp:featuredmedia":[{"embeddable":true,"href":"https:\/\/zurzeit.at\/index.php\/wp-json\/wp\/v2\/media\/5161"}],"wp:attachment":[{"href":"https:\/\/zurzeit.at\/index.php\/wp-json\/wp\/v2\/media?parent=5160"}],"wp:term":[{"taxonomy":"category","embeddable":true,"href":"https:\/\/zurzeit.at\/index.php\/wp-json\/wp\/v2\/categories?post=5160"},{"taxonomy":"post_tag","embeddable":true,"href":"https:\/\/zurzeit.at\/index.php\/wp-json\/wp\/v2\/tags?post=5160"}],"curies":[{"name":"wp","href":"https:\/\/api.w.org\/{rel}","templated":true}]}}