{"id":5532,"date":"2020-04-08T10:30:07","date_gmt":"2020-04-08T08:30:07","guid":{"rendered":"http:\/\/zurzeit.at\/?p=5532"},"modified":"2020-04-08T10:48:20","modified_gmt":"2020-04-08T08:48:20","slug":"ist-die-coronakrise-auch-eine-tele-krise","status":"publish","type":"post","link":"https:\/\/zurzeit.at\/index.php\/ist-die-coronakrise-auch-eine-tele-krise\/","title":{"rendered":"Ist die Coronakrise auch eine Tele-Krise?"},"content":{"rendered":"<h1>Manfred Tisal \u00fcber Corona als Medienkrise<\/h1>\n<p>Auf ORF 1 tr\u00e4gt man den Vorstellungen der Fachleute Rechnung und zeigt, dem Alter der Jugendlichen entsprechend, \u201eLehrsendungen\u201d. Von Mickey Mouse bis Universum. Man k\u00fcnstelt sich sozusagen von Freistunde zu Freistunde, um am Nachmittag die Erwachsenen mit einer Ami-Serie nach der anderen zu verw\u00f6hnen. Unterbrochen von nur wenigen deutschen Produktionen mit englischen Titeln, hantelt man sich bis zum Abendprogramm.<\/p>\n<p>Wer von Corona die Nase noch nicht voll hat, der kann umschalten. Auf ORF 2 gibt es von fr\u00fch bis sp\u00e4t nur ein Thema.<br \/>\nUnd immer die gleichen Fragen der Interviewer. \u201eWie lange wird es noch dauern?\u201d, oder \u201eWann d\u00fcrfen die Kinder wieder in die Schule?\u201d oder \u201eIst ein Ende absehbar?\u201d. Und immer wieder das gleiche. Zuerst vom Bundeskanzler, dann vom Vizekanzler, dann vom Gesundheitsminister und letztendlich vom Innenminister. H\u00e4nde waschen, Abstand halten, Masken tragen u.s.w. Man malt Horrorszenarien, angesichts der Zust\u00e4nde in anderen europ\u00e4ischen Staaten, in die infi zierte Luft, beklagt die Verluste der Wirtschaft und erkl\u00e4rt sich bereit, Geld, das wir nicht haben, in die Hand zu nehmen, um niemanden durch den Rost\u201d fallen lassen zu m\u00fcssen.<\/p>\n<p>Aber zur\u00fcck zum TV-Programm. Zur Abwechslung vielleicht ein Katastrophenfilm in der vierten Wiederholung mit der Begr\u00fcndung, dass dieser Streifen am Freitag um 20:15 Uhr noch nie gezeigt wurde. Ein Lichtblick ist ORF 3. Nette Filme, etwas Kultur und viel Natur. Ein ehrliches Bravo. Ich frage mich nur, wie das Angebot der beiden anderen aussehen wird, wenn der ORF erst die Kurzarbeit eingef\u00fchrt hat. General Wrabetz hat es angek\u00fcndigt. Ob er selbst davon betroffen ist, entzieht sich meiner Kenntnis, obwohl er am wenigsten zum Programm beitr\u00e4gt und wahrscheinlich am meisten verdient. Ach ja, er muss bleiben, um am Steuersack zu knabbern und die entgangenen Millionen f\u00fcr die billigen, s\u00fcndteuren Serienzuk\u00e4ufe einzufordern.<\/p>\n<p>Da lob ich mir die Privaten, die an der Krise auch nicht vorbeikommen und weiter zur Unterhaltung der Menschen beitragen, denen zuhause die Decke auf den Kopf zu fallen droht. Und das noch dazu mit vielen Eigen- und Fremdproduktionen, die unsere Kultur in den Mittelpunkt stellen. Ein Bravo daf\u00fcr!<\/p>\n<p><strong>Manfred Tisal<\/strong> ist Kaberettist, Moderator, Autor und Journalist, besonders bekannt wurde er durch seine Rolle als EU-Bauer beim Villacher Fasching.<\/p>\n<p>[Autor: <a href=\"https:\/\/zurzeit.at\/index.php\/autoren\/\">\u2013<\/a> Bild Tisal: Privat Bild 2: <a href=\"https:\/\/de.wikipedia.org\/wiki\/Kameramann#\/media\/Datei:Eilenburg_MDR-Team.jpg\">Wikipedia\/<span class=\"mw-mmv-source-author\"><span class=\"mw-mmv-author\">Joeb07<\/span> <\/span><\/a> L<span class=\"licensetpl_attr\">izenz: <a class=\"mw-mmv-license\" href=\"https:\/\/creativecommons.org\/licenses\/by\/3.0\" target=\"_blank\" rel=\"noopener noreferrer\">CC BY 3.0<\/a><\/span>]<\/p>\n","protected":false},"excerpt":{"rendered":"<p>Manfred Tisal \u00fcber Corona als Medienkrise Auf ORF 1 tr\u00e4gt man den Vorstellungen der Fachleute&hellip;<\/p>\n","protected":false},"author":3,"featured_media":5533,"comment_status":"open","ping_status":"closed","sticky":false,"template":"","format":"standard","meta":{"footnotes":""},"categories":[51,2872],"tags":[3071,3260,2983,686,2522,3058,185,2985,2672],"class_list":["post-5532","post","type-post","status-publish","format-standard","has-post-thumbnail","hentry","category-feuilleton","category-kommentar","tag-corona","tag-covid-19","tag-eu-bauer","tag-gis","tag-krise","tag-nogis","tag-orf","tag-tisal","tag-wrabetz"],"yoast_head":"<!-- This site is optimized with the Yoast SEO plugin v28.3 - https:\/\/yoast.com\/product\/yoast-seo-wordpress\/ -->\n<title>Ist die Coronakrise auch eine Tele-Krise? - ZurZeit<\/title>\n<meta name=\"robots\" content=\"index, follow, max-snippet:-1, max-image-preview:large, max-video-preview:-1\" \/>\n<link rel=\"canonical\" href=\"https:\/\/zurzeit.at\/index.php\/ist-die-coronakrise-auch-eine-tele-krise\/\" \/>\n<meta property=\"og:locale\" content=\"de_DE\" \/>\n<meta property=\"og:type\" content=\"article\" \/>\n<meta property=\"og:title\" content=\"Ist die Coronakrise auch eine Tele-Krise? - ZurZeit\" \/>\n<meta property=\"og:description\" content=\"Manfred Tisal \u00fcber Corona als Medienkrise Auf ORF 1 tr\u00e4gt man den Vorstellungen der Fachleute&hellip;\" \/>\n<meta property=\"og:url\" content=\"https:\/\/zurzeit.at\/index.php\/ist-die-coronakrise-auch-eine-tele-krise\/\" \/>\n<meta property=\"og:site_name\" content=\"ZurZeit\" \/>\n<meta property=\"article:publisher\" content=\"https:\/\/www.facebook.com\/wochenmagazinZurZeit\/\" \/>\n<meta property=\"article:published_time\" content=\"2020-04-08T08:30:07+00:00\" \/>\n<meta property=\"article:modified_time\" content=\"2020-04-08T08:48:20+00:00\" \/>\n<meta property=\"og:image\" content=\"https:\/\/zurzeit.at\/wp-content\/uploads\/2020\/04\/Vorlage-Tisal-14-15.jpg\" \/>\n\t<meta property=\"og:image:width\" content=\"1719\" \/>\n\t<meta property=\"og:image:height\" content=\"1134\" \/>\n\t<meta property=\"og:image:type\" content=\"image\/jpeg\" \/>\n<meta name=\"author\" content=\"admin2\" \/>\n<meta name=\"twitter:card\" content=\"summary_large_image\" \/>\n<meta name=\"twitter:label1\" content=\"Verfasst von\" \/>\n\t<meta name=\"twitter:data1\" content=\"admin2\" \/>\n\t<meta name=\"twitter:label2\" content=\"Gesch\u00e4tzte Lesezeit\" \/>\n\t<meta name=\"twitter:data2\" content=\"2\u00a0Minuten\" \/>\n<script type=\"application\/ld+json\" class=\"yoast-schema-graph\">{\"@context\":\"https:\\\/\\\/schema.org\",\"@graph\":[{\"@type\":\"Article\",\"@id\":\"https:\\\/\\\/zurzeit.at\\\/index.php\\\/ist-die-coronakrise-auch-eine-tele-krise\\\/#article\",\"isPartOf\":{\"@id\":\"https:\\\/\\\/zurzeit.at\\\/index.php\\\/ist-die-coronakrise-auch-eine-tele-krise\\\/\"},\"author\":{\"name\":\"admin2\",\"@id\":\"https:\\\/\\\/zurzeit.at\\\/#\\\/schema\\\/person\\\/e6f4284c4ffdba25c26f295806088e37\"},\"headline\":\"Ist die Coronakrise auch eine Tele-Krise?\",\"datePublished\":\"2020-04-08T08:30:07+00:00\",\"dateModified\":\"2020-04-08T08:48:20+00:00\",\"mainEntityOfPage\":{\"@id\":\"https:\\\/\\\/zurzeit.at\\\/index.php\\\/ist-die-coronakrise-auch-eine-tele-krise\\\/\"},\"wordCount\":397,\"commentCount\":0,\"image\":{\"@id\":\"https:\\\/\\\/zurzeit.at\\\/index.php\\\/ist-die-coronakrise-auch-eine-tele-krise\\\/#primaryimage\"},\"thumbnailUrl\":\"https:\\\/\\\/zurzeit.at\\\/wp-content\\\/uploads\\\/2020\\\/04\\\/Vorlage-Tisal-14-15.jpg\",\"keywords\":[\"Corona\",\"Covid 19\",\"EU Bauer\",\"GIS\",\"Krise\",\"NoGis\",\"ORF\",\"Tisal\",\"Wrabetz\"],\"articleSection\":[\"Feuilleton\",\"Kommentar\"],\"inLanguage\":\"de\",\"potentialAction\":[{\"@type\":\"CommentAction\",\"name\":\"Comment\",\"target\":[\"https:\\\/\\\/zurzeit.at\\\/index.php\\\/ist-die-coronakrise-auch-eine-tele-krise\\\/#respond\"]}]},{\"@type\":\"WebPage\",\"@id\":\"https:\\\/\\\/zurzeit.at\\\/index.php\\\/ist-die-coronakrise-auch-eine-tele-krise\\\/\",\"url\":\"https:\\\/\\\/zurzeit.at\\\/index.php\\\/ist-die-coronakrise-auch-eine-tele-krise\\\/\",\"name\":\"Ist die Coronakrise auch eine Tele-Krise? - ZurZeit\",\"isPartOf\":{\"@id\":\"https:\\\/\\\/zurzeit.at\\\/#website\"},\"primaryImageOfPage\":{\"@id\":\"https:\\\/\\\/zurzeit.at\\\/index.php\\\/ist-die-coronakrise-auch-eine-tele-krise\\\/#primaryimage\"},\"image\":{\"@id\":\"https:\\\/\\\/zurzeit.at\\\/index.php\\\/ist-die-coronakrise-auch-eine-tele-krise\\\/#primaryimage\"},\"thumbnailUrl\":\"https:\\\/\\\/zurzeit.at\\\/wp-content\\\/uploads\\\/2020\\\/04\\\/Vorlage-Tisal-14-15.jpg\",\"datePublished\":\"2020-04-08T08:30:07+00:00\",\"dateModified\":\"2020-04-08T08:48:20+00:00\",\"author\":{\"@id\":\"https:\\\/\\\/zurzeit.at\\\/#\\\/schema\\\/person\\\/e6f4284c4ffdba25c26f295806088e37\"},\"breadcrumb\":{\"@id\":\"https:\\\/\\\/zurzeit.at\\\/index.php\\\/ist-die-coronakrise-auch-eine-tele-krise\\\/#breadcrumb\"},\"inLanguage\":\"de\",\"potentialAction\":[{\"@type\":\"ReadAction\",\"target\":[\"https:\\\/\\\/zurzeit.at\\\/index.php\\\/ist-die-coronakrise-auch-eine-tele-krise\\\/\"]}]},{\"@type\":\"ImageObject\",\"inLanguage\":\"de\",\"@id\":\"https:\\\/\\\/zurzeit.at\\\/index.php\\\/ist-die-coronakrise-auch-eine-tele-krise\\\/#primaryimage\",\"url\":\"https:\\\/\\\/zurzeit.at\\\/wp-content\\\/uploads\\\/2020\\\/04\\\/Vorlage-Tisal-14-15.jpg\",\"contentUrl\":\"https:\\\/\\\/zurzeit.at\\\/wp-content\\\/uploads\\\/2020\\\/04\\\/Vorlage-Tisal-14-15.jpg\",\"width\":1719,\"height\":1134},{\"@type\":\"BreadcrumbList\",\"@id\":\"https:\\\/\\\/zurzeit.at\\\/index.php\\\/ist-die-coronakrise-auch-eine-tele-krise\\\/#breadcrumb\",\"itemListElement\":[{\"@type\":\"ListItem\",\"position\":1,\"name\":\"Startseite\",\"item\":\"https:\\\/\\\/zurzeit.at\\\/\"},{\"@type\":\"ListItem\",\"position\":2,\"name\":\"Ist die Coronakrise auch eine Tele-Krise?\"}]},{\"@type\":\"WebSite\",\"@id\":\"https:\\\/\\\/zurzeit.at\\\/#website\",\"url\":\"https:\\\/\\\/zurzeit.at\\\/\",\"name\":\"ZurZeit\",\"description\":\"Internetseite des Wochenmagazins ZurZeit\",\"potentialAction\":[{\"@type\":\"SearchAction\",\"target\":{\"@type\":\"EntryPoint\",\"urlTemplate\":\"https:\\\/\\\/zurzeit.at\\\/?s={search_term_string}\"},\"query-input\":{\"@type\":\"PropertyValueSpecification\",\"valueRequired\":true,\"valueName\":\"search_term_string\"}}],\"inLanguage\":\"de\"},{\"@type\":\"Person\",\"@id\":\"https:\\\/\\\/zurzeit.at\\\/#\\\/schema\\\/person\\\/e6f4284c4ffdba25c26f295806088e37\",\"name\":\"admin2\",\"image\":{\"@type\":\"ImageObject\",\"inLanguage\":\"de\",\"@id\":\"https:\\\/\\\/secure.gravatar.com\\\/avatar\\\/6b01edb108b3f79fc8950358251ecf3b91c228e319139ad1beec43b6b1b16470?s=96&d=mm&r=g\",\"url\":\"https:\\\/\\\/secure.gravatar.com\\\/avatar\\\/6b01edb108b3f79fc8950358251ecf3b91c228e319139ad1beec43b6b1b16470?s=96&d=mm&r=g\",\"contentUrl\":\"https:\\\/\\\/secure.gravatar.com\\\/avatar\\\/6b01edb108b3f79fc8950358251ecf3b91c228e319139ad1beec43b6b1b16470?s=96&d=mm&r=g\",\"caption\":\"admin2\"},\"url\":\"https:\\\/\\\/zurzeit.at\\\/index.php\\\/author\\\/admin2\\\/\"}]}<\/script>\n<!-- \/ Yoast SEO plugin. -->","yoast_head_json":{"title":"Ist die Coronakrise auch eine Tele-Krise? - ZurZeit","robots":{"index":"index","follow":"follow","max-snippet":"max-snippet:-1","max-image-preview":"max-image-preview:large","max-video-preview":"max-video-preview:-1"},"canonical":"https:\/\/zurzeit.at\/index.php\/ist-die-coronakrise-auch-eine-tele-krise\/","og_locale":"de_DE","og_type":"article","og_title":"Ist die Coronakrise auch eine Tele-Krise? - ZurZeit","og_description":"Manfred Tisal \u00fcber Corona als Medienkrise Auf ORF 1 tr\u00e4gt man den Vorstellungen der Fachleute&hellip;","og_url":"https:\/\/zurzeit.at\/index.php\/ist-die-coronakrise-auch-eine-tele-krise\/","og_site_name":"ZurZeit","article_publisher":"https:\/\/www.facebook.com\/wochenmagazinZurZeit\/","article_published_time":"2020-04-08T08:30:07+00:00","article_modified_time":"2020-04-08T08:48:20+00:00","og_image":[{"width":1719,"height":1134,"url":"https:\/\/zurzeit.at\/wp-content\/uploads\/2020\/04\/Vorlage-Tisal-14-15.jpg","type":"image\/jpeg"}],"author":"admin2","twitter_card":"summary_large_image","twitter_misc":{"Verfasst von":"admin2","Gesch\u00e4tzte Lesezeit":"2\u00a0Minuten"},"schema":{"@context":"https:\/\/schema.org","@graph":[{"@type":"Article","@id":"https:\/\/zurzeit.at\/index.php\/ist-die-coronakrise-auch-eine-tele-krise\/#article","isPartOf":{"@id":"https:\/\/zurzeit.at\/index.php\/ist-die-coronakrise-auch-eine-tele-krise\/"},"author":{"name":"admin2","@id":"https:\/\/zurzeit.at\/#\/schema\/person\/e6f4284c4ffdba25c26f295806088e37"},"headline":"Ist die Coronakrise auch eine Tele-Krise?","datePublished":"2020-04-08T08:30:07+00:00","dateModified":"2020-04-08T08:48:20+00:00","mainEntityOfPage":{"@id":"https:\/\/zurzeit.at\/index.php\/ist-die-coronakrise-auch-eine-tele-krise\/"},"wordCount":397,"commentCount":0,"image":{"@id":"https:\/\/zurzeit.at\/index.php\/ist-die-coronakrise-auch-eine-tele-krise\/#primaryimage"},"thumbnailUrl":"https:\/\/zurzeit.at\/wp-content\/uploads\/2020\/04\/Vorlage-Tisal-14-15.jpg","keywords":["Corona","Covid 19","EU Bauer","GIS","Krise","NoGis","ORF","Tisal","Wrabetz"],"articleSection":["Feuilleton","Kommentar"],"inLanguage":"de","potentialAction":[{"@type":"CommentAction","name":"Comment","target":["https:\/\/zurzeit.at\/index.php\/ist-die-coronakrise-auch-eine-tele-krise\/#respond"]}]},{"@type":"WebPage","@id":"https:\/\/zurzeit.at\/index.php\/ist-die-coronakrise-auch-eine-tele-krise\/","url":"https:\/\/zurzeit.at\/index.php\/ist-die-coronakrise-auch-eine-tele-krise\/","name":"Ist die Coronakrise auch eine Tele-Krise? - ZurZeit","isPartOf":{"@id":"https:\/\/zurzeit.at\/#website"},"primaryImageOfPage":{"@id":"https:\/\/zurzeit.at\/index.php\/ist-die-coronakrise-auch-eine-tele-krise\/#primaryimage"},"image":{"@id":"https:\/\/zurzeit.at\/index.php\/ist-die-coronakrise-auch-eine-tele-krise\/#primaryimage"},"thumbnailUrl":"https:\/\/zurzeit.at\/wp-content\/uploads\/2020\/04\/Vorlage-Tisal-14-15.jpg","datePublished":"2020-04-08T08:30:07+00:00","dateModified":"2020-04-08T08:48:20+00:00","author":{"@id":"https:\/\/zurzeit.at\/#\/schema\/person\/e6f4284c4ffdba25c26f295806088e37"},"breadcrumb":{"@id":"https:\/\/zurzeit.at\/index.php\/ist-die-coronakrise-auch-eine-tele-krise\/#breadcrumb"},"inLanguage":"de","potentialAction":[{"@type":"ReadAction","target":["https:\/\/zurzeit.at\/index.php\/ist-die-coronakrise-auch-eine-tele-krise\/"]}]},{"@type":"ImageObject","inLanguage":"de","@id":"https:\/\/zurzeit.at\/index.php\/ist-die-coronakrise-auch-eine-tele-krise\/#primaryimage","url":"https:\/\/zurzeit.at\/wp-content\/uploads\/2020\/04\/Vorlage-Tisal-14-15.jpg","contentUrl":"https:\/\/zurzeit.at\/wp-content\/uploads\/2020\/04\/Vorlage-Tisal-14-15.jpg","width":1719,"height":1134},{"@type":"BreadcrumbList","@id":"https:\/\/zurzeit.at\/index.php\/ist-die-coronakrise-auch-eine-tele-krise\/#breadcrumb","itemListElement":[{"@type":"ListItem","position":1,"name":"Startseite","item":"https:\/\/zurzeit.at\/"},{"@type":"ListItem","position":2,"name":"Ist die Coronakrise auch eine Tele-Krise?"}]},{"@type":"WebSite","@id":"https:\/\/zurzeit.at\/#website","url":"https:\/\/zurzeit.at\/","name":"ZurZeit","description":"Internetseite des Wochenmagazins ZurZeit","potentialAction":[{"@type":"SearchAction","target":{"@type":"EntryPoint","urlTemplate":"https:\/\/zurzeit.at\/?s={search_term_string}"},"query-input":{"@type":"PropertyValueSpecification","valueRequired":true,"valueName":"search_term_string"}}],"inLanguage":"de"},{"@type":"Person","@id":"https:\/\/zurzeit.at\/#\/schema\/person\/e6f4284c4ffdba25c26f295806088e37","name":"admin2","image":{"@type":"ImageObject","inLanguage":"de","@id":"https:\/\/secure.gravatar.com\/avatar\/6b01edb108b3f79fc8950358251ecf3b91c228e319139ad1beec43b6b1b16470?s=96&d=mm&r=g","url":"https:\/\/secure.gravatar.com\/avatar\/6b01edb108b3f79fc8950358251ecf3b91c228e319139ad1beec43b6b1b16470?s=96&d=mm&r=g","contentUrl":"https:\/\/secure.gravatar.com\/avatar\/6b01edb108b3f79fc8950358251ecf3b91c228e319139ad1beec43b6b1b16470?s=96&d=mm&r=g","caption":"admin2"},"url":"https:\/\/zurzeit.at\/index.php\/author\/admin2\/"}]}},"_links":{"self":[{"href":"https:\/\/zurzeit.at\/index.php\/wp-json\/wp\/v2\/posts\/5532","targetHints":{"allow":["GET"]}}],"collection":[{"href":"https:\/\/zurzeit.at\/index.php\/wp-json\/wp\/v2\/posts"}],"about":[{"href":"https:\/\/zurzeit.at\/index.php\/wp-json\/wp\/v2\/types\/post"}],"author":[{"embeddable":true,"href":"https:\/\/zurzeit.at\/index.php\/wp-json\/wp\/v2\/users\/3"}],"replies":[{"embeddable":true,"href":"https:\/\/zurzeit.at\/index.php\/wp-json\/wp\/v2\/comments?post=5532"}],"version-history":[{"count":2,"href":"https:\/\/zurzeit.at\/index.php\/wp-json\/wp\/v2\/posts\/5532\/revisions"}],"predecessor-version":[{"id":5535,"href":"https:\/\/zurzeit.at\/index.php\/wp-json\/wp\/v2\/posts\/5532\/revisions\/5535"}],"wp:featuredmedia":[{"embeddable":true,"href":"https:\/\/zurzeit.at\/index.php\/wp-json\/wp\/v2\/media\/5533"}],"wp:attachment":[{"href":"https:\/\/zurzeit.at\/index.php\/wp-json\/wp\/v2\/media?parent=5532"}],"wp:term":[{"taxonomy":"category","embeddable":true,"href":"https:\/\/zurzeit.at\/index.php\/wp-json\/wp\/v2\/categories?post=5532"},{"taxonomy":"post_tag","embeddable":true,"href":"https:\/\/zurzeit.at\/index.php\/wp-json\/wp\/v2\/tags?post=5532"}],"curies":[{"name":"wp","href":"https:\/\/api.w.org\/{rel}","templated":true}]}}