{"id":6104,"date":"2020-06-26T17:15:44","date_gmt":"2020-06-26T15:15:44","guid":{"rendered":"http:\/\/zurzeit.at\/?p=6104"},"modified":"2020-06-26T17:15:44","modified_gmt":"2020-06-26T15:15:44","slug":"mutmasslicher-milliardenbetrueger-im-think-tank-des-bundeskanzlers","status":"publish","type":"post","link":"https:\/\/zurzeit.at\/index.php\/mutmasslicher-milliardenbetrueger-im-think-tank-des-bundeskanzlers\/","title":{"rendered":"Mutma\u00dflicher Milliardenbetr\u00fcger im Think Tank des Bundeskanzlers?"},"content":{"rendered":"<h1>Berater von Bundeskanzler Sebastian Kurz l\u00f6st 12 Milliarden Euro in Luft auf<\/h1>\n<p>Im Wahlkampf sponserte der Kurz-Berater Markus Braun noch \u2013 sch\u00f6n brav gest\u00fcckelt \u00fcbrigens, um die Kontrolle des Rechnungshofs zu umgehen \u2013 70.000 Euro an die \u00d6VP. Im Wahlkampf davor spendete er \u00fcbrigens die Haselsteiner-Partei NEOS. Weiters ist Markus Braun Mitglied des \u201eThink Austria\u201c, eines beratenden Think-Tanks des Bundeskanzlers Kurz.<\/p>\n<p>Inzwischen ist viel passiert. Brauns Aschheimer Unternehmen \u201eWirecard\u201c, das im deutschen Aktienindex DAX gelistet ist, hat innerhalb weniger Tage einen B\u00f6rsenwert von knapp 12 Milliarden Euro eingeb\u00fc\u00dft. \u201eWirecard\u201c versuchte sich als Abwickler bargeldloser Zahlungsleistungen und stand damit in Konkurrenz zu \u201ePaypal\u201c und dem holl\u00e4ndischen Abwickler \u201eAdyen\u201c. \u201eStand\u201c wohlgemerkt. Denn das Unternehmen wird trotz des zukunftstr\u00e4chtigen Gesch\u00e4ftsmodells bald Geschichte sein. Der Grund: \u201eWirecard\u201c steht im Verdacht, Bilanzen gef\u00e4lscht zu haben. So verweigerten die Abschlusspr\u00fcfer der Aktiengesellschaft k\u00fcrzlich das Testat.<\/p>\n<p>1,9 Milliarden Euro auf philippinischen Konten lie\u00dfen sich nicht nachweisen \u2013\u00a0 immerhin ein Viertel der Bilanzsumme. Die Banken dementierten alsbald: Sie f\u00fchren gar keine \u201eWirecard\u201c-Konten. \u201eWirecard\u201c selbst erkl\u00e4rte anschlie\u00dfend, die Milliarden d\u00fcrften gar nie existiert haben. Die Ausz\u00fcge der Treuhandkonten erwiesen sich als plumpe F\u00e4lschungen. Der zur\u00fcckgetretene Ex-Vorstand Braun wurde festgenommen, gegen eine Kaution in H\u00f6he von f\u00fcnf Millionen allerdings wieder freigelassen. F\u00fcr Braun gilt die Unschuldsvermutung.<\/p>\n<p>Donnerstagvormittag der n\u00e4chste Paukenschlag: Die Gesellschaft stellte einen Insolvenzantrag. Die Aktie wurde kurzfristig vom Handel ausgesetzt und notiert zur Zeit im niedrigen einstelligen Bereich bei zwei Euro \u2013 das bedeutet ein Kurssturz von \u00fcber 70\u00a0 Prozent innerhalb eines Tages. Zum Vergleich: Am 17. Juni notierte die Aktie noch knapp \u00fcber 100 Euro, versicherte der Vorstand doch noch am selben Tag ein sauberes Testat.<\/p>\n<p>Das Verm\u00f6gen zahlreicher gutgl\u00e4ubiger Kleinanleger hat sich damit in Luft aufgel\u00f6st. Die knapp 123 Millionen emittierten Aktien hatten vor einer Woche bei einem Kurs von \u00fcber 100 pro Aktie noch eine Marktkapitalisierung von weit \u00fcber zw\u00f6lf Milliarden Euro. Heute, mit einem Kurs von 2,5 Euro Aktie sind die Anteilsscheine in Summe l\u00e4ppische 300 Millionen wert. Damit haben sich rund zw\u00f6lf Milliarden Euro Anlagerkapital \u00fcber Nacht in Luft aufgel\u00f6st.<\/p>\n<p>Interessantes Detail am Rande: Wirecard steht auch bei heimischen Banken tief in der Kreide. Ganz zuf\u00e4llig freilich bei \u00d6VP-dominierten: Bei der Raiffeisenlandesbank Nieder\u00f6sterreich-Wien mit 60 Millionen Euro, die der ober\u00f6sterreichischen mit 45 Millionen.<\/p>\n<p>Zeig mir deine Freunde, und ich sag Dir, wer Du bist. Sebastian Kurz hat Erkl\u00e4rungsbedarf.<\/p>\n<p>[Autor: <a href=\"https:\/\/zurzeit.at\/index.php\/autoren\/\">A.L.<\/a> Bild: <a href=\"https:\/\/de.wikipedia.org\/wiki\/Datei:Wirecard_headquarters,_Aschheim_(49556187461).jpg\">Wikipedia\/Leo Molatore<\/a> L<span class=\"licensetpl_attr\">izenz: <\/span><a href=\"https:\/\/creativecommons.org\/licenses\/by-sa\/2.0\/deed.de\">CC BY-SA 2.0<\/a>]<\/p>\n","protected":false},"excerpt":{"rendered":"<p>Berater von Bundeskanzler Sebastian Kurz l\u00f6st 12 Milliarden Euro in Luft auf Im Wahlkampf sponserte&hellip;<\/p>\n","protected":false},"author":3,"featured_media":6105,"comment_status":"open","ping_status":"closed","sticky":false,"template":"","format":"standard","meta":{"footnotes":""},"categories":[46],"tags":[3665,3666,3667,69,3664,97,550,3663,1505],"class_list":["post-6104","post","type-post","status-publish","format-standard","has-post-thumbnail","hentry","category-oesterreich","tag-betrug","tag-bilanzfaelschung","tag-insolvenz","tag-kriminalitaet","tag-markus-braun","tag-oevp","tag-sebastian-kurz","tag-wirecard","tag-wirtschaft"],"yoast_head":"<!-- This site is optimized with the Yoast SEO plugin v28.3 - https:\/\/yoast.com\/product\/yoast-seo-wordpress\/ -->\n<title>Mutma\u00dflicher Milliardenbetr\u00fcger im Think Tank des Bundeskanzlers? - ZurZeit<\/title>\n<meta name=\"robots\" content=\"index, follow, max-snippet:-1, max-image-preview:large, max-video-preview:-1\" \/>\n<link rel=\"canonical\" href=\"https:\/\/zurzeit.at\/index.php\/mutmasslicher-milliardenbetrueger-im-think-tank-des-bundeskanzlers\/\" \/>\n<meta property=\"og:locale\" content=\"de_DE\" \/>\n<meta property=\"og:type\" content=\"article\" \/>\n<meta property=\"og:title\" content=\"Mutma\u00dflicher Milliardenbetr\u00fcger im Think Tank des Bundeskanzlers? - ZurZeit\" \/>\n<meta property=\"og:description\" content=\"Berater von Bundeskanzler Sebastian Kurz l\u00f6st 12 Milliarden Euro in Luft auf Im Wahlkampf sponserte&hellip;\" \/>\n<meta property=\"og:url\" content=\"https:\/\/zurzeit.at\/index.php\/mutmasslicher-milliardenbetrueger-im-think-tank-des-bundeskanzlers\/\" \/>\n<meta property=\"og:site_name\" content=\"ZurZeit\" \/>\n<meta property=\"article:publisher\" content=\"https:\/\/www.facebook.com\/wochenmagazinZurZeit\/\" \/>\n<meta property=\"article:published_time\" content=\"2020-06-26T15:15:44+00:00\" \/>\n<meta property=\"og:image\" content=\"https:\/\/zurzeit.at\/wp-content\/uploads\/2020\/06\/868px-Wirecard_headquarters_Aschheim_49556187461.jpg\" \/>\n\t<meta property=\"og:image:width\" content=\"868\" \/>\n\t<meta property=\"og:image:height\" content=\"768\" \/>\n\t<meta property=\"og:image:type\" content=\"image\/jpeg\" \/>\n<meta name=\"author\" content=\"admin2\" \/>\n<meta name=\"twitter:card\" content=\"summary_large_image\" \/>\n<meta name=\"twitter:label1\" content=\"Verfasst von\" \/>\n\t<meta name=\"twitter:data1\" content=\"admin2\" \/>\n\t<meta name=\"twitter:label2\" content=\"Gesch\u00e4tzte Lesezeit\" \/>\n\t<meta name=\"twitter:data2\" content=\"2\u00a0Minuten\" \/>\n<script type=\"application\/ld+json\" class=\"yoast-schema-graph\">{\"@context\":\"https:\\\/\\\/schema.org\",\"@graph\":[{\"@type\":\"Article\",\"@id\":\"https:\\\/\\\/zurzeit.at\\\/index.php\\\/mutmasslicher-milliardenbetrueger-im-think-tank-des-bundeskanzlers\\\/#article\",\"isPartOf\":{\"@id\":\"https:\\\/\\\/zurzeit.at\\\/index.php\\\/mutmasslicher-milliardenbetrueger-im-think-tank-des-bundeskanzlers\\\/\"},\"author\":{\"name\":\"admin2\",\"@id\":\"https:\\\/\\\/zurzeit.at\\\/#\\\/schema\\\/person\\\/e6f4284c4ffdba25c26f295806088e37\"},\"headline\":\"Mutma\u00dflicher Milliardenbetr\u00fcger im Think Tank des Bundeskanzlers?\",\"datePublished\":\"2020-06-26T15:15:44+00:00\",\"mainEntityOfPage\":{\"@id\":\"https:\\\/\\\/zurzeit.at\\\/index.php\\\/mutmasslicher-milliardenbetrueger-im-think-tank-des-bundeskanzlers\\\/\"},\"wordCount\":422,\"commentCount\":0,\"image\":{\"@id\":\"https:\\\/\\\/zurzeit.at\\\/index.php\\\/mutmasslicher-milliardenbetrueger-im-think-tank-des-bundeskanzlers\\\/#primaryimage\"},\"thumbnailUrl\":\"https:\\\/\\\/zurzeit.at\\\/wp-content\\\/uploads\\\/2020\\\/06\\\/868px-Wirecard_headquarters_Aschheim_49556187461.jpg\",\"keywords\":[\"Betrug\",\"Bilanzf\u00e4lschung\",\"Insolvenz\",\"Kriminalit\u00e4t\",\"Markus Braun\",\"\u00d6VP\",\"Sebastian Kurz\",\"Wirecard\",\"Wirtschaft\"],\"articleSection\":[\"\u00d6sterreich\"],\"inLanguage\":\"de\",\"potentialAction\":[{\"@type\":\"CommentAction\",\"name\":\"Comment\",\"target\":[\"https:\\\/\\\/zurzeit.at\\\/index.php\\\/mutmasslicher-milliardenbetrueger-im-think-tank-des-bundeskanzlers\\\/#respond\"]}]},{\"@type\":\"WebPage\",\"@id\":\"https:\\\/\\\/zurzeit.at\\\/index.php\\\/mutmasslicher-milliardenbetrueger-im-think-tank-des-bundeskanzlers\\\/\",\"url\":\"https:\\\/\\\/zurzeit.at\\\/index.php\\\/mutmasslicher-milliardenbetrueger-im-think-tank-des-bundeskanzlers\\\/\",\"name\":\"Mutma\u00dflicher Milliardenbetr\u00fcger im Think Tank des Bundeskanzlers? - ZurZeit\",\"isPartOf\":{\"@id\":\"https:\\\/\\\/zurzeit.at\\\/#website\"},\"primaryImageOfPage\":{\"@id\":\"https:\\\/\\\/zurzeit.at\\\/index.php\\\/mutmasslicher-milliardenbetrueger-im-think-tank-des-bundeskanzlers\\\/#primaryimage\"},\"image\":{\"@id\":\"https:\\\/\\\/zurzeit.at\\\/index.php\\\/mutmasslicher-milliardenbetrueger-im-think-tank-des-bundeskanzlers\\\/#primaryimage\"},\"thumbnailUrl\":\"https:\\\/\\\/zurzeit.at\\\/wp-content\\\/uploads\\\/2020\\\/06\\\/868px-Wirecard_headquarters_Aschheim_49556187461.jpg\",\"datePublished\":\"2020-06-26T15:15:44+00:00\",\"author\":{\"@id\":\"https:\\\/\\\/zurzeit.at\\\/#\\\/schema\\\/person\\\/e6f4284c4ffdba25c26f295806088e37\"},\"breadcrumb\":{\"@id\":\"https:\\\/\\\/zurzeit.at\\\/index.php\\\/mutmasslicher-milliardenbetrueger-im-think-tank-des-bundeskanzlers\\\/#breadcrumb\"},\"inLanguage\":\"de\",\"potentialAction\":[{\"@type\":\"ReadAction\",\"target\":[\"https:\\\/\\\/zurzeit.at\\\/index.php\\\/mutmasslicher-milliardenbetrueger-im-think-tank-des-bundeskanzlers\\\/\"]}]},{\"@type\":\"ImageObject\",\"inLanguage\":\"de\",\"@id\":\"https:\\\/\\\/zurzeit.at\\\/index.php\\\/mutmasslicher-milliardenbetrueger-im-think-tank-des-bundeskanzlers\\\/#primaryimage\",\"url\":\"https:\\\/\\\/zurzeit.at\\\/wp-content\\\/uploads\\\/2020\\\/06\\\/868px-Wirecard_headquarters_Aschheim_49556187461.jpg\",\"contentUrl\":\"https:\\\/\\\/zurzeit.at\\\/wp-content\\\/uploads\\\/2020\\\/06\\\/868px-Wirecard_headquarters_Aschheim_49556187461.jpg\",\"width\":868,\"height\":768},{\"@type\":\"BreadcrumbList\",\"@id\":\"https:\\\/\\\/zurzeit.at\\\/index.php\\\/mutmasslicher-milliardenbetrueger-im-think-tank-des-bundeskanzlers\\\/#breadcrumb\",\"itemListElement\":[{\"@type\":\"ListItem\",\"position\":1,\"name\":\"Startseite\",\"item\":\"https:\\\/\\\/zurzeit.at\\\/\"},{\"@type\":\"ListItem\",\"position\":2,\"name\":\"Mutma\u00dflicher Milliardenbetr\u00fcger im Think Tank des Bundeskanzlers?\"}]},{\"@type\":\"WebSite\",\"@id\":\"https:\\\/\\\/zurzeit.at\\\/#website\",\"url\":\"https:\\\/\\\/zurzeit.at\\\/\",\"name\":\"ZurZeit\",\"description\":\"Internetseite des Wochenmagazins ZurZeit\",\"potentialAction\":[{\"@type\":\"SearchAction\",\"target\":{\"@type\":\"EntryPoint\",\"urlTemplate\":\"https:\\\/\\\/zurzeit.at\\\/?s={search_term_string}\"},\"query-input\":{\"@type\":\"PropertyValueSpecification\",\"valueRequired\":true,\"valueName\":\"search_term_string\"}}],\"inLanguage\":\"de\"},{\"@type\":\"Person\",\"@id\":\"https:\\\/\\\/zurzeit.at\\\/#\\\/schema\\\/person\\\/e6f4284c4ffdba25c26f295806088e37\",\"name\":\"admin2\",\"image\":{\"@type\":\"ImageObject\",\"inLanguage\":\"de\",\"@id\":\"https:\\\/\\\/secure.gravatar.com\\\/avatar\\\/6b01edb108b3f79fc8950358251ecf3b91c228e319139ad1beec43b6b1b16470?s=96&d=mm&r=g\",\"url\":\"https:\\\/\\\/secure.gravatar.com\\\/avatar\\\/6b01edb108b3f79fc8950358251ecf3b91c228e319139ad1beec43b6b1b16470?s=96&d=mm&r=g\",\"contentUrl\":\"https:\\\/\\\/secure.gravatar.com\\\/avatar\\\/6b01edb108b3f79fc8950358251ecf3b91c228e319139ad1beec43b6b1b16470?s=96&d=mm&r=g\",\"caption\":\"admin2\"},\"url\":\"https:\\\/\\\/zurzeit.at\\\/index.php\\\/author\\\/admin2\\\/\"}]}<\/script>\n<!-- \/ Yoast SEO plugin. -->","yoast_head_json":{"title":"Mutma\u00dflicher Milliardenbetr\u00fcger im Think Tank des Bundeskanzlers? - ZurZeit","robots":{"index":"index","follow":"follow","max-snippet":"max-snippet:-1","max-image-preview":"max-image-preview:large","max-video-preview":"max-video-preview:-1"},"canonical":"https:\/\/zurzeit.at\/index.php\/mutmasslicher-milliardenbetrueger-im-think-tank-des-bundeskanzlers\/","og_locale":"de_DE","og_type":"article","og_title":"Mutma\u00dflicher Milliardenbetr\u00fcger im Think Tank des Bundeskanzlers? - ZurZeit","og_description":"Berater von Bundeskanzler Sebastian Kurz l\u00f6st 12 Milliarden Euro in Luft auf Im Wahlkampf sponserte&hellip;","og_url":"https:\/\/zurzeit.at\/index.php\/mutmasslicher-milliardenbetrueger-im-think-tank-des-bundeskanzlers\/","og_site_name":"ZurZeit","article_publisher":"https:\/\/www.facebook.com\/wochenmagazinZurZeit\/","article_published_time":"2020-06-26T15:15:44+00:00","og_image":[{"width":868,"height":768,"url":"https:\/\/zurzeit.at\/wp-content\/uploads\/2020\/06\/868px-Wirecard_headquarters_Aschheim_49556187461.jpg","type":"image\/jpeg"}],"author":"admin2","twitter_card":"summary_large_image","twitter_misc":{"Verfasst von":"admin2","Gesch\u00e4tzte Lesezeit":"2\u00a0Minuten"},"schema":{"@context":"https:\/\/schema.org","@graph":[{"@type":"Article","@id":"https:\/\/zurzeit.at\/index.php\/mutmasslicher-milliardenbetrueger-im-think-tank-des-bundeskanzlers\/#article","isPartOf":{"@id":"https:\/\/zurzeit.at\/index.php\/mutmasslicher-milliardenbetrueger-im-think-tank-des-bundeskanzlers\/"},"author":{"name":"admin2","@id":"https:\/\/zurzeit.at\/#\/schema\/person\/e6f4284c4ffdba25c26f295806088e37"},"headline":"Mutma\u00dflicher Milliardenbetr\u00fcger im Think Tank des Bundeskanzlers?","datePublished":"2020-06-26T15:15:44+00:00","mainEntityOfPage":{"@id":"https:\/\/zurzeit.at\/index.php\/mutmasslicher-milliardenbetrueger-im-think-tank-des-bundeskanzlers\/"},"wordCount":422,"commentCount":0,"image":{"@id":"https:\/\/zurzeit.at\/index.php\/mutmasslicher-milliardenbetrueger-im-think-tank-des-bundeskanzlers\/#primaryimage"},"thumbnailUrl":"https:\/\/zurzeit.at\/wp-content\/uploads\/2020\/06\/868px-Wirecard_headquarters_Aschheim_49556187461.jpg","keywords":["Betrug","Bilanzf\u00e4lschung","Insolvenz","Kriminalit\u00e4t","Markus Braun","\u00d6VP","Sebastian Kurz","Wirecard","Wirtschaft"],"articleSection":["\u00d6sterreich"],"inLanguage":"de","potentialAction":[{"@type":"CommentAction","name":"Comment","target":["https:\/\/zurzeit.at\/index.php\/mutmasslicher-milliardenbetrueger-im-think-tank-des-bundeskanzlers\/#respond"]}]},{"@type":"WebPage","@id":"https:\/\/zurzeit.at\/index.php\/mutmasslicher-milliardenbetrueger-im-think-tank-des-bundeskanzlers\/","url":"https:\/\/zurzeit.at\/index.php\/mutmasslicher-milliardenbetrueger-im-think-tank-des-bundeskanzlers\/","name":"Mutma\u00dflicher Milliardenbetr\u00fcger im Think Tank des Bundeskanzlers? - ZurZeit","isPartOf":{"@id":"https:\/\/zurzeit.at\/#website"},"primaryImageOfPage":{"@id":"https:\/\/zurzeit.at\/index.php\/mutmasslicher-milliardenbetrueger-im-think-tank-des-bundeskanzlers\/#primaryimage"},"image":{"@id":"https:\/\/zurzeit.at\/index.php\/mutmasslicher-milliardenbetrueger-im-think-tank-des-bundeskanzlers\/#primaryimage"},"thumbnailUrl":"https:\/\/zurzeit.at\/wp-content\/uploads\/2020\/06\/868px-Wirecard_headquarters_Aschheim_49556187461.jpg","datePublished":"2020-06-26T15:15:44+00:00","author":{"@id":"https:\/\/zurzeit.at\/#\/schema\/person\/e6f4284c4ffdba25c26f295806088e37"},"breadcrumb":{"@id":"https:\/\/zurzeit.at\/index.php\/mutmasslicher-milliardenbetrueger-im-think-tank-des-bundeskanzlers\/#breadcrumb"},"inLanguage":"de","potentialAction":[{"@type":"ReadAction","target":["https:\/\/zurzeit.at\/index.php\/mutmasslicher-milliardenbetrueger-im-think-tank-des-bundeskanzlers\/"]}]},{"@type":"ImageObject","inLanguage":"de","@id":"https:\/\/zurzeit.at\/index.php\/mutmasslicher-milliardenbetrueger-im-think-tank-des-bundeskanzlers\/#primaryimage","url":"https:\/\/zurzeit.at\/wp-content\/uploads\/2020\/06\/868px-Wirecard_headquarters_Aschheim_49556187461.jpg","contentUrl":"https:\/\/zurzeit.at\/wp-content\/uploads\/2020\/06\/868px-Wirecard_headquarters_Aschheim_49556187461.jpg","width":868,"height":768},{"@type":"BreadcrumbList","@id":"https:\/\/zurzeit.at\/index.php\/mutmasslicher-milliardenbetrueger-im-think-tank-des-bundeskanzlers\/#breadcrumb","itemListElement":[{"@type":"ListItem","position":1,"name":"Startseite","item":"https:\/\/zurzeit.at\/"},{"@type":"ListItem","position":2,"name":"Mutma\u00dflicher Milliardenbetr\u00fcger im Think Tank des Bundeskanzlers?"}]},{"@type":"WebSite","@id":"https:\/\/zurzeit.at\/#website","url":"https:\/\/zurzeit.at\/","name":"ZurZeit","description":"Internetseite des Wochenmagazins ZurZeit","potentialAction":[{"@type":"SearchAction","target":{"@type":"EntryPoint","urlTemplate":"https:\/\/zurzeit.at\/?s={search_term_string}"},"query-input":{"@type":"PropertyValueSpecification","valueRequired":true,"valueName":"search_term_string"}}],"inLanguage":"de"},{"@type":"Person","@id":"https:\/\/zurzeit.at\/#\/schema\/person\/e6f4284c4ffdba25c26f295806088e37","name":"admin2","image":{"@type":"ImageObject","inLanguage":"de","@id":"https:\/\/secure.gravatar.com\/avatar\/6b01edb108b3f79fc8950358251ecf3b91c228e319139ad1beec43b6b1b16470?s=96&d=mm&r=g","url":"https:\/\/secure.gravatar.com\/avatar\/6b01edb108b3f79fc8950358251ecf3b91c228e319139ad1beec43b6b1b16470?s=96&d=mm&r=g","contentUrl":"https:\/\/secure.gravatar.com\/avatar\/6b01edb108b3f79fc8950358251ecf3b91c228e319139ad1beec43b6b1b16470?s=96&d=mm&r=g","caption":"admin2"},"url":"https:\/\/zurzeit.at\/index.php\/author\/admin2\/"}]}},"_links":{"self":[{"href":"https:\/\/zurzeit.at\/index.php\/wp-json\/wp\/v2\/posts\/6104","targetHints":{"allow":["GET"]}}],"collection":[{"href":"https:\/\/zurzeit.at\/index.php\/wp-json\/wp\/v2\/posts"}],"about":[{"href":"https:\/\/zurzeit.at\/index.php\/wp-json\/wp\/v2\/types\/post"}],"author":[{"embeddable":true,"href":"https:\/\/zurzeit.at\/index.php\/wp-json\/wp\/v2\/users\/3"}],"replies":[{"embeddable":true,"href":"https:\/\/zurzeit.at\/index.php\/wp-json\/wp\/v2\/comments?post=6104"}],"version-history":[{"count":1,"href":"https:\/\/zurzeit.at\/index.php\/wp-json\/wp\/v2\/posts\/6104\/revisions"}],"predecessor-version":[{"id":6106,"href":"https:\/\/zurzeit.at\/index.php\/wp-json\/wp\/v2\/posts\/6104\/revisions\/6106"}],"wp:featuredmedia":[{"embeddable":true,"href":"https:\/\/zurzeit.at\/index.php\/wp-json\/wp\/v2\/media\/6105"}],"wp:attachment":[{"href":"https:\/\/zurzeit.at\/index.php\/wp-json\/wp\/v2\/media?parent=6104"}],"wp:term":[{"taxonomy":"category","embeddable":true,"href":"https:\/\/zurzeit.at\/index.php\/wp-json\/wp\/v2\/categories?post=6104"},{"taxonomy":"post_tag","embeddable":true,"href":"https:\/\/zurzeit.at\/index.php\/wp-json\/wp\/v2\/tags?post=6104"}],"curies":[{"name":"wp","href":"https:\/\/api.w.org\/{rel}","templated":true}]}}