{"id":6131,"date":"2020-07-02T12:32:58","date_gmt":"2020-07-02T10:32:58","guid":{"rendered":"http:\/\/zurzeit.at\/?p=6131"},"modified":"2020-07-02T12:32:58","modified_gmt":"2020-07-02T10:32:58","slug":"die-oevp-netzwerke-dominieren-die-ganze-republik","status":"publish","type":"post","link":"https:\/\/zurzeit.at\/index.php\/die-oevp-netzwerke-dominieren-die-ganze-republik\/","title":{"rendered":"Die \u00d6VP-Netzwerke dominieren die ganze Republik"},"content":{"rendered":"<h1>FP\u00d6-Ausschuss-Fraktionsf\u00fchrer Christian Hafenecker \u00fcber den Ibiza-Ausschuss, schwarze Netzwerke und die Verbindungen der \u00d6VP zum Bundeskriminalamt<\/h1>\n<p><em>Herr Abgeordneter, in Bezug auf den Ibiza-UAusschuss ist einmal die Rede von der \u201eSoko Tape\u201c, dann geht es um Zeugeneinvernahmen und wieder ein anderes Mal um die Frage, ob der U-Ausschuss das Ibiza-Video in voller L\u00e4nge bekommt. Da kann man doch leicht den \u00dcberblick verlieren, oder?<\/em><br \/>\n<strong>Christian Hafenecker:<\/strong> Vollkommen richtig, genau das ist es auch, was die \u00d6VP mit der an sich gerissenen Regief\u00fchrung bezweckt, Verwirrung, Konfusion und Ablenkung von eigenen Unzul\u00e4nglichkeiten. Deshalb liegt es auch an uns, genau dieses Spiel zu durchkreuzen und den \u201eschwarzen Faden\u201c, der sich durch die ganze Republik zieht, sichtbar zu machen. Es ist ersch\u00fctternd anhand der Aktenlage zu sehen, wie weit die \u00d6VP mit der Errichtung eines tiefen Staates schon gekommen ist, Justiz und Inneres sind bereits fest in schwarzer Hand, und auch das Finanzministerium steht hier um nichts nach.<\/p>\n<div id=\"attachment_6132\" style=\"width: 310px\" class=\"wp-caption alignnone\"><a href=\"https:\/\/zurzeit.at\/wp-content\/uploads\/2020\/07\/20191113-Portrait-27GP-PHOTO-SIMONIS-2736.jpg\" data-rel=\"penci-gallery-image-content\" ><img loading=\"lazy\" decoding=\"async\" aria-describedby=\"caption-attachment-6132\" class=\"wp-image-6132 size-medium\" src=\"https:\/\/zurzeit.at\/wp-content\/uploads\/2020\/07\/20191113-Portrait-27GP-PHOTO-SIMONIS-2736-300x200.jpg\" alt=\"\" width=\"300\" height=\"200\" srcset=\"https:\/\/zurzeit.at\/wp-content\/uploads\/2020\/07\/20191113-Portrait-27GP-PHOTO-SIMONIS-2736-300x200.jpg 300w, https:\/\/zurzeit.at\/wp-content\/uploads\/2020\/07\/20191113-Portrait-27GP-PHOTO-SIMONIS-2736-768x512.jpg 768w, https:\/\/zurzeit.at\/wp-content\/uploads\/2020\/07\/20191113-Portrait-27GP-PHOTO-SIMONIS-2736-1024x682.jpg 1024w, https:\/\/zurzeit.at\/wp-content\/uploads\/2020\/07\/20191113-Portrait-27GP-PHOTO-SIMONIS-2736-1170x780.jpg 1170w, https:\/\/zurzeit.at\/wp-content\/uploads\/2020\/07\/20191113-Portrait-27GP-PHOTO-SIMONIS-2736-585x390.jpg 585w, https:\/\/zurzeit.at\/wp-content\/uploads\/2020\/07\/20191113-Portrait-27GP-PHOTO-SIMONIS-2736-263x175.jpg 263w, https:\/\/zurzeit.at\/wp-content\/uploads\/2020\/07\/20191113-Portrait-27GP-PHOTO-SIMONIS-2736-600x400.jpg 600w\" sizes=\"auto, (max-width: 300px) 100vw, 300px\" \/><\/a><p id=\"caption-attachment-6132\" class=\"wp-caption-text\">Christian Hafen ecker, MA ist Nationalratsabgeordneter und FP\u00d6-Fraktionsf\u00fchrer im Ibiza-Untersuchungsausschuss Bild: Parlamentsdirektion \/ PHOTO SIMONIS<\/p><\/div>\n<p><em>K\u00f6nnen Sie schon etwas \u00fcber die Hinterm\u00e4nner bzw. Urheber des Videos sagen oder m\u00fcssten Sie dazu zuerst das Video in voller L\u00e4nge sehen?<\/em><br \/>\n<strong>Hafenecker:<\/strong> \u00dcber die Hinterm\u00e4nner ist bereits sehr viel bekannt, es handelt sich offenbar um eine kriminell motivierte Gruppe rund um eine Detektei mit \u00f6sterreichischen Wurzeln in M\u00fcnchen. Bemerkenswert ist hier der Umstand, dass der Drahtzieher des Videos, Julian H., nicht nur eine sehr zwielichtige Person ist, sondern auch schon seit Jahren als gef\u00fchrter Informant f\u00fcr das Bundeskriminalamt t\u00e4tig sein d\u00fcrfte. Umso skurriler, dass genau dieses Bundeskriminalamt das Video eher zuf\u00e4llig ermittelt hat, anstatt gleich den eigenen V-Mann zu kontaktieren. Um diese Frage aufzukl\u00e4ren, werden wir noch eine streng geheime Sitzung ben\u00f6tigen , nur soviel, hier stinkt es gewaltig! Nat\u00fcrlich ist es auch wichtig, das ganze Video zu sehen. Nicht, weil wir voyeuristisch veranlagt sind, sondern vielmehr wissen wollen, wie dieser Abend verlaufen ist und ob sich daraus ergibt, dass die beiden Hauptdarsteller unter Drogen gesetzt und vielleicht auch zu derartigen Aussagen getrieben wurden oder nicht. Weiters ist es mir wichtig herauszuarbeiten, ob von den ver\u00f6ffentlichten Passagen tats\u00e4chlich ein Sittenbild ableitbar, oder vielmehr eine rei\u00dferische Hinrichtung dokumentierbar ist. Interessant auch, ob es vielleicht auch Passagen gibt, die anderen Parteien in \u00d6sterreich nicht so gut gefallen k\u00f6nnten und deshalb nicht ver\u00f6ffentlicht wurden.<\/p>\n<p><em>Die Befragungen von Kanzler Kurz und Finanzminister Bl\u00fcmel, der in der \u00d6VP\/FP\u00d6-Koalition der t\u00fcrkise Regierungskoordinator war, waren nicht wirklich ergiebig. Hat die \u00d6VP etwas zu verbergen?<\/em><br \/>\n<strong>Hafenecker:<\/strong> Ich h\u00e4tte es nicht f\u00fcr m\u00f6glich gehalten, dass Spitzenpolitiker unserer Republik mit einem derart armseligen Spektakel vor einem Untersuchungsausschuss durchkommen. Nehammer, Kurz und Bl\u00fcmel mimten hier den zu Fleisch gewordenen \u201eBlackout\u201c und haben damit die ganze Republik zum Narren gehalten. Deshalb setze ich mich auch daf\u00fcr ein, dass Befragungen von aktiven Politikern in Zukunft auch \u00f6ffentlich \u00fcbertragen werden m\u00fcssen. Jeder W\u00e4hler, der dieses Gestammel live im Fernsehen verfolgen h\u00e4tte k\u00f6nnen, w\u00fcrde diese Truppe nicht mehr w\u00e4hlen. Mit 86 Erinnerungsl\u00fccken und dem Nichtwissen dar\u00fcber, ob man \u00fcberhaupt einen Laptop hat oder nicht, w\u00e4re man die l\u00e4ngste Zeit Minister gewesen. Das h\u00e4tte schon einen p\u00e4dagogischen Mehrwert.<\/p>\n<p><em>K\u00f6nnen Sie schon etwas Konkretes sagen \u00fcber mutma\u00dfliche Verbindungen zwischen der \u00d6VP und dem Bundeskriminalamt?<\/em><br \/>\n<strong>Hafenecker:<\/strong> Diese Frage ist relativ einfach zu beantworten, das BKA ist die \u00d6VP. Es werden dort keine wichtigen Posten mehr mit Personen besetzt, die nicht aus der Salzburg- oder Nieder\u00f6sterreich-Connection der \u00d6VP kommen. Es kennt dort jeder jeden und sichert sich wechselseitig ab. Die \u00d6VP-Dominanz vom BVT gibt es 1:1 auch im BKA. Ich denke, dass schlussendlich auch das der Grund war, warum Herbert Kickl gehen musste, er war diesem Staat im Staat schon zu dicht auf den Fersen<\/p>\n<p><em>Kann man es auch so zusammenfassen, dass die Ibiza-Aff\u00e4re alles andere als ein reiner FP\u00d6-Skandal ist, wie die Mainstreammedien gerne schreiben?<\/em><br \/>\n<strong>Hafenecker:<\/strong> Defi nitiv, zweifellos waren H.-C. Strache und Johann Gudenus jene beiden traurigen Figuren, die mit ihrem uns\u00e4glichen Auftritt den Stein ins Rollen gebracht haben. Trotzdem offenbart der Ausschuss jetzt ganz deutlich, dass die \u00d6VP-Netzwerke die ganze Republik dominieren und daher mit Wohlwollen der Schwarzen Dinge m\u00f6glich geworden sind, die man fr\u00fcher nicht f\u00fcr m\u00f6glich gehalten h\u00e4tte.<\/p>\n<p><em>In einem Fernsehbericht \u00fcber den Ibiza-U-Ausschuss war kurz Peter Pilz zu sehen. Was macht Herr Pilz dort? Schlie\u00dflich ist er nicht mehr Abgeordneter und Zeuge oder Beschuldigter ist er auch nicht &#8230;<\/em><br \/>\n<strong>Hafenecker:<\/strong> Der oben genannte Herr kann es wohl einfach nicht lassen, im Inneren der Republik herumzustochern und vielleicht doch noch einmal medial zur Wirkung zukommen. Gel\u00f6st hat er das, in dem er nun als akkreditierter Journalist im Ausschuss-Lokal tanzt und damit Informationen aus erster Hand erh\u00e4lt. Man wundert sich, was alles geht&#8230;<\/p>\n<p><strong>Das Gespr\u00e4ch f\u00fchrte<\/strong> Bernhard Tomaschitz.<\/p>\n<p>[Autor: <a href=\"https:\/\/zurzeit.at\/index.php\/autoren\/\">&#8211;<\/a> Bild: <a href=\"https:\/\/www.parlament.gv.at\/SERV\/FOTO\/VER\/923070\/index.shtml?backurl=http%3A%2F%2Fwww.parlament.gv.at%2FSERV%2FFOTO%2FARCHIV%2Findex.shtml%3FLISTE%3DAnzeigen%26listeId%3D201%26JAHR%3D2020%26SUCH%3D%26FBEZ%3DFS_001%26xdocumentUri#\">Parlamentsdirektion \/ Thomas Jantzen<\/a> L<span class=\"licensetpl_attr\">izenz: &#8211;<\/span>]<\/p>\n","protected":false},"excerpt":{"rendered":"<p>FP\u00d6-Ausschuss-Fraktionsf\u00fchrer Christian Hafenecker \u00fcber den Ibiza-Ausschuss, schwarze Netzwerke und die Verbindungen der \u00d6VP zum Bundeskriminalamt&hellip;<\/p>\n","protected":false},"author":3,"featured_media":6133,"comment_status":"open","ping_status":"closed","sticky":false,"template":"","format":"standard","meta":{"footnotes":""},"categories":[46],"tags":[2878,93,142,815,955,397,97,112,3682,105,153,3679],"class_list":["post-6131","post","type-post","status-publish","format-standard","has-post-thumbnail","hentry","category-oesterreich","tag-casino","tag-fpoe","tag-gruene","tag-ibiza","tag-kogler","tag-kurz","tag-oevp","tag-postenschacher","tag-sidlo","tag-spoe","tag-strache","tag-untersuchungsausschuss"],"yoast_head":"<!-- This site is optimized with the Yoast SEO plugin v28.3 - https:\/\/yoast.com\/product\/yoast-seo-wordpress\/ -->\n<title>Die \u00d6VP-Netzwerke dominieren die ganze Republik - ZurZeit<\/title>\n<meta name=\"robots\" content=\"index, follow, max-snippet:-1, max-image-preview:large, max-video-preview:-1\" \/>\n<link rel=\"canonical\" href=\"https:\/\/zurzeit.at\/index.php\/die-oevp-netzwerke-dominieren-die-ganze-republik\/\" \/>\n<meta property=\"og:locale\" content=\"de_DE\" \/>\n<meta property=\"og:type\" content=\"article\" \/>\n<meta property=\"og:title\" content=\"Die \u00d6VP-Netzwerke dominieren die ganze Republik - ZurZeit\" \/>\n<meta property=\"og:description\" content=\"FP\u00d6-Ausschuss-Fraktionsf\u00fchrer Christian Hafenecker \u00fcber den Ibiza-Ausschuss, schwarze Netzwerke und die Verbindungen der \u00d6VP zum Bundeskriminalamt&hellip;\" \/>\n<meta property=\"og:url\" content=\"https:\/\/zurzeit.at\/index.php\/die-oevp-netzwerke-dominieren-die-ganze-republik\/\" \/>\n<meta property=\"og:site_name\" content=\"ZurZeit\" \/>\n<meta property=\"article:publisher\" content=\"https:\/\/www.facebook.com\/wochenmagazinZurZeit\/\" \/>\n<meta property=\"article:published_time\" content=\"2020-07-02T10:32:58+00:00\" \/>\n<meta property=\"og:image\" content=\"https:\/\/zurzeit.at\/wp-content\/uploads\/2020\/07\/20200604-Ibiza-UsA-JANTZEN_DSC6988.jpg\" \/>\n\t<meta property=\"og:image:width\" content=\"2125\" \/>\n\t<meta property=\"og:image:height\" content=\"1416\" \/>\n\t<meta property=\"og:image:type\" content=\"image\/jpeg\" \/>\n<meta name=\"author\" content=\"admin2\" \/>\n<meta name=\"twitter:card\" content=\"summary_large_image\" \/>\n<meta name=\"twitter:label1\" content=\"Verfasst von\" \/>\n\t<meta name=\"twitter:data1\" content=\"admin2\" \/>\n\t<meta name=\"twitter:label2\" content=\"Gesch\u00e4tzte Lesezeit\" \/>\n\t<meta name=\"twitter:data2\" content=\"4\u00a0Minuten\" \/>\n<script type=\"application\/ld+json\" class=\"yoast-schema-graph\">{\"@context\":\"https:\\\/\\\/schema.org\",\"@graph\":[{\"@type\":\"Article\",\"@id\":\"https:\\\/\\\/zurzeit.at\\\/index.php\\\/die-oevp-netzwerke-dominieren-die-ganze-republik\\\/#article\",\"isPartOf\":{\"@id\":\"https:\\\/\\\/zurzeit.at\\\/index.php\\\/die-oevp-netzwerke-dominieren-die-ganze-republik\\\/\"},\"author\":{\"name\":\"admin2\",\"@id\":\"https:\\\/\\\/zurzeit.at\\\/#\\\/schema\\\/person\\\/e6f4284c4ffdba25c26f295806088e37\"},\"headline\":\"Die \u00d6VP-Netzwerke dominieren die ganze Republik\",\"datePublished\":\"2020-07-02T10:32:58+00:00\",\"mainEntityOfPage\":{\"@id\":\"https:\\\/\\\/zurzeit.at\\\/index.php\\\/die-oevp-netzwerke-dominieren-die-ganze-republik\\\/\"},\"wordCount\":852,\"commentCount\":0,\"image\":{\"@id\":\"https:\\\/\\\/zurzeit.at\\\/index.php\\\/die-oevp-netzwerke-dominieren-die-ganze-republik\\\/#primaryimage\"},\"thumbnailUrl\":\"https:\\\/\\\/zurzeit.at\\\/wp-content\\\/uploads\\\/2020\\\/07\\\/20200604-Ibiza-UsA-JANTZEN_DSC6988.jpg\",\"keywords\":[\"Casino\",\"FP\u00d6\",\"Gr\u00fcne\",\"Ibiza\",\"Kogler\",\"Kurz\",\"\u00d6VP\",\"Postenschacher\",\"Sidlo\",\"SP\u00d6\",\"Strache\",\"Untersuchungsausschuss\"],\"articleSection\":[\"\u00d6sterreich\"],\"inLanguage\":\"de\",\"potentialAction\":[{\"@type\":\"CommentAction\",\"name\":\"Comment\",\"target\":[\"https:\\\/\\\/zurzeit.at\\\/index.php\\\/die-oevp-netzwerke-dominieren-die-ganze-republik\\\/#respond\"]}]},{\"@type\":\"WebPage\",\"@id\":\"https:\\\/\\\/zurzeit.at\\\/index.php\\\/die-oevp-netzwerke-dominieren-die-ganze-republik\\\/\",\"url\":\"https:\\\/\\\/zurzeit.at\\\/index.php\\\/die-oevp-netzwerke-dominieren-die-ganze-republik\\\/\",\"name\":\"Die \u00d6VP-Netzwerke dominieren die ganze Republik - ZurZeit\",\"isPartOf\":{\"@id\":\"https:\\\/\\\/zurzeit.at\\\/#website\"},\"primaryImageOfPage\":{\"@id\":\"https:\\\/\\\/zurzeit.at\\\/index.php\\\/die-oevp-netzwerke-dominieren-die-ganze-republik\\\/#primaryimage\"},\"image\":{\"@id\":\"https:\\\/\\\/zurzeit.at\\\/index.php\\\/die-oevp-netzwerke-dominieren-die-ganze-republik\\\/#primaryimage\"},\"thumbnailUrl\":\"https:\\\/\\\/zurzeit.at\\\/wp-content\\\/uploads\\\/2020\\\/07\\\/20200604-Ibiza-UsA-JANTZEN_DSC6988.jpg\",\"datePublished\":\"2020-07-02T10:32:58+00:00\",\"author\":{\"@id\":\"https:\\\/\\\/zurzeit.at\\\/#\\\/schema\\\/person\\\/e6f4284c4ffdba25c26f295806088e37\"},\"breadcrumb\":{\"@id\":\"https:\\\/\\\/zurzeit.at\\\/index.php\\\/die-oevp-netzwerke-dominieren-die-ganze-republik\\\/#breadcrumb\"},\"inLanguage\":\"de\",\"potentialAction\":[{\"@type\":\"ReadAction\",\"target\":[\"https:\\\/\\\/zurzeit.at\\\/index.php\\\/die-oevp-netzwerke-dominieren-die-ganze-republik\\\/\"]}]},{\"@type\":\"ImageObject\",\"inLanguage\":\"de\",\"@id\":\"https:\\\/\\\/zurzeit.at\\\/index.php\\\/die-oevp-netzwerke-dominieren-die-ganze-republik\\\/#primaryimage\",\"url\":\"https:\\\/\\\/zurzeit.at\\\/wp-content\\\/uploads\\\/2020\\\/07\\\/20200604-Ibiza-UsA-JANTZEN_DSC6988.jpg\",\"contentUrl\":\"https:\\\/\\\/zurzeit.at\\\/wp-content\\\/uploads\\\/2020\\\/07\\\/20200604-Ibiza-UsA-JANTZEN_DSC6988.jpg\",\"width\":2125,\"height\":1416,\"caption\":\"Nationalratspr\u00e4sident Wolfgang Sobotka (V) am Vorsitz\"},{\"@type\":\"BreadcrumbList\",\"@id\":\"https:\\\/\\\/zurzeit.at\\\/index.php\\\/die-oevp-netzwerke-dominieren-die-ganze-republik\\\/#breadcrumb\",\"itemListElement\":[{\"@type\":\"ListItem\",\"position\":1,\"name\":\"Startseite\",\"item\":\"https:\\\/\\\/zurzeit.at\\\/\"},{\"@type\":\"ListItem\",\"position\":2,\"name\":\"Die \u00d6VP-Netzwerke dominieren die ganze Republik\"}]},{\"@type\":\"WebSite\",\"@id\":\"https:\\\/\\\/zurzeit.at\\\/#website\",\"url\":\"https:\\\/\\\/zurzeit.at\\\/\",\"name\":\"ZurZeit\",\"description\":\"Internetseite des Wochenmagazins ZurZeit\",\"potentialAction\":[{\"@type\":\"SearchAction\",\"target\":{\"@type\":\"EntryPoint\",\"urlTemplate\":\"https:\\\/\\\/zurzeit.at\\\/?s={search_term_string}\"},\"query-input\":{\"@type\":\"PropertyValueSpecification\",\"valueRequired\":true,\"valueName\":\"search_term_string\"}}],\"inLanguage\":\"de\"},{\"@type\":\"Person\",\"@id\":\"https:\\\/\\\/zurzeit.at\\\/#\\\/schema\\\/person\\\/e6f4284c4ffdba25c26f295806088e37\",\"name\":\"admin2\",\"image\":{\"@type\":\"ImageObject\",\"inLanguage\":\"de\",\"@id\":\"https:\\\/\\\/secure.gravatar.com\\\/avatar\\\/6b01edb108b3f79fc8950358251ecf3b91c228e319139ad1beec43b6b1b16470?s=96&d=mm&r=g\",\"url\":\"https:\\\/\\\/secure.gravatar.com\\\/avatar\\\/6b01edb108b3f79fc8950358251ecf3b91c228e319139ad1beec43b6b1b16470?s=96&d=mm&r=g\",\"contentUrl\":\"https:\\\/\\\/secure.gravatar.com\\\/avatar\\\/6b01edb108b3f79fc8950358251ecf3b91c228e319139ad1beec43b6b1b16470?s=96&d=mm&r=g\",\"caption\":\"admin2\"},\"url\":\"https:\\\/\\\/zurzeit.at\\\/index.php\\\/author\\\/admin2\\\/\"}]}<\/script>\n<!-- \/ Yoast SEO plugin. -->","yoast_head_json":{"title":"Die \u00d6VP-Netzwerke dominieren die ganze Republik - ZurZeit","robots":{"index":"index","follow":"follow","max-snippet":"max-snippet:-1","max-image-preview":"max-image-preview:large","max-video-preview":"max-video-preview:-1"},"canonical":"https:\/\/zurzeit.at\/index.php\/die-oevp-netzwerke-dominieren-die-ganze-republik\/","og_locale":"de_DE","og_type":"article","og_title":"Die \u00d6VP-Netzwerke dominieren die ganze Republik - ZurZeit","og_description":"FP\u00d6-Ausschuss-Fraktionsf\u00fchrer Christian Hafenecker \u00fcber den Ibiza-Ausschuss, schwarze Netzwerke und die Verbindungen der \u00d6VP zum Bundeskriminalamt&hellip;","og_url":"https:\/\/zurzeit.at\/index.php\/die-oevp-netzwerke-dominieren-die-ganze-republik\/","og_site_name":"ZurZeit","article_publisher":"https:\/\/www.facebook.com\/wochenmagazinZurZeit\/","article_published_time":"2020-07-02T10:32:58+00:00","og_image":[{"width":2125,"height":1416,"url":"https:\/\/zurzeit.at\/wp-content\/uploads\/2020\/07\/20200604-Ibiza-UsA-JANTZEN_DSC6988.jpg","type":"image\/jpeg"}],"author":"admin2","twitter_card":"summary_large_image","twitter_misc":{"Verfasst von":"admin2","Gesch\u00e4tzte Lesezeit":"4\u00a0Minuten"},"schema":{"@context":"https:\/\/schema.org","@graph":[{"@type":"Article","@id":"https:\/\/zurzeit.at\/index.php\/die-oevp-netzwerke-dominieren-die-ganze-republik\/#article","isPartOf":{"@id":"https:\/\/zurzeit.at\/index.php\/die-oevp-netzwerke-dominieren-die-ganze-republik\/"},"author":{"name":"admin2","@id":"https:\/\/zurzeit.at\/#\/schema\/person\/e6f4284c4ffdba25c26f295806088e37"},"headline":"Die \u00d6VP-Netzwerke dominieren die ganze Republik","datePublished":"2020-07-02T10:32:58+00:00","mainEntityOfPage":{"@id":"https:\/\/zurzeit.at\/index.php\/die-oevp-netzwerke-dominieren-die-ganze-republik\/"},"wordCount":852,"commentCount":0,"image":{"@id":"https:\/\/zurzeit.at\/index.php\/die-oevp-netzwerke-dominieren-die-ganze-republik\/#primaryimage"},"thumbnailUrl":"https:\/\/zurzeit.at\/wp-content\/uploads\/2020\/07\/20200604-Ibiza-UsA-JANTZEN_DSC6988.jpg","keywords":["Casino","FP\u00d6","Gr\u00fcne","Ibiza","Kogler","Kurz","\u00d6VP","Postenschacher","Sidlo","SP\u00d6","Strache","Untersuchungsausschuss"],"articleSection":["\u00d6sterreich"],"inLanguage":"de","potentialAction":[{"@type":"CommentAction","name":"Comment","target":["https:\/\/zurzeit.at\/index.php\/die-oevp-netzwerke-dominieren-die-ganze-republik\/#respond"]}]},{"@type":"WebPage","@id":"https:\/\/zurzeit.at\/index.php\/die-oevp-netzwerke-dominieren-die-ganze-republik\/","url":"https:\/\/zurzeit.at\/index.php\/die-oevp-netzwerke-dominieren-die-ganze-republik\/","name":"Die \u00d6VP-Netzwerke dominieren die ganze Republik - ZurZeit","isPartOf":{"@id":"https:\/\/zurzeit.at\/#website"},"primaryImageOfPage":{"@id":"https:\/\/zurzeit.at\/index.php\/die-oevp-netzwerke-dominieren-die-ganze-republik\/#primaryimage"},"image":{"@id":"https:\/\/zurzeit.at\/index.php\/die-oevp-netzwerke-dominieren-die-ganze-republik\/#primaryimage"},"thumbnailUrl":"https:\/\/zurzeit.at\/wp-content\/uploads\/2020\/07\/20200604-Ibiza-UsA-JANTZEN_DSC6988.jpg","datePublished":"2020-07-02T10:32:58+00:00","author":{"@id":"https:\/\/zurzeit.at\/#\/schema\/person\/e6f4284c4ffdba25c26f295806088e37"},"breadcrumb":{"@id":"https:\/\/zurzeit.at\/index.php\/die-oevp-netzwerke-dominieren-die-ganze-republik\/#breadcrumb"},"inLanguage":"de","potentialAction":[{"@type":"ReadAction","target":["https:\/\/zurzeit.at\/index.php\/die-oevp-netzwerke-dominieren-die-ganze-republik\/"]}]},{"@type":"ImageObject","inLanguage":"de","@id":"https:\/\/zurzeit.at\/index.php\/die-oevp-netzwerke-dominieren-die-ganze-republik\/#primaryimage","url":"https:\/\/zurzeit.at\/wp-content\/uploads\/2020\/07\/20200604-Ibiza-UsA-JANTZEN_DSC6988.jpg","contentUrl":"https:\/\/zurzeit.at\/wp-content\/uploads\/2020\/07\/20200604-Ibiza-UsA-JANTZEN_DSC6988.jpg","width":2125,"height":1416,"caption":"Nationalratspr\u00e4sident Wolfgang Sobotka (V) am Vorsitz"},{"@type":"BreadcrumbList","@id":"https:\/\/zurzeit.at\/index.php\/die-oevp-netzwerke-dominieren-die-ganze-republik\/#breadcrumb","itemListElement":[{"@type":"ListItem","position":1,"name":"Startseite","item":"https:\/\/zurzeit.at\/"},{"@type":"ListItem","position":2,"name":"Die \u00d6VP-Netzwerke dominieren die ganze Republik"}]},{"@type":"WebSite","@id":"https:\/\/zurzeit.at\/#website","url":"https:\/\/zurzeit.at\/","name":"ZurZeit","description":"Internetseite des Wochenmagazins ZurZeit","potentialAction":[{"@type":"SearchAction","target":{"@type":"EntryPoint","urlTemplate":"https:\/\/zurzeit.at\/?s={search_term_string}"},"query-input":{"@type":"PropertyValueSpecification","valueRequired":true,"valueName":"search_term_string"}}],"inLanguage":"de"},{"@type":"Person","@id":"https:\/\/zurzeit.at\/#\/schema\/person\/e6f4284c4ffdba25c26f295806088e37","name":"admin2","image":{"@type":"ImageObject","inLanguage":"de","@id":"https:\/\/secure.gravatar.com\/avatar\/6b01edb108b3f79fc8950358251ecf3b91c228e319139ad1beec43b6b1b16470?s=96&d=mm&r=g","url":"https:\/\/secure.gravatar.com\/avatar\/6b01edb108b3f79fc8950358251ecf3b91c228e319139ad1beec43b6b1b16470?s=96&d=mm&r=g","contentUrl":"https:\/\/secure.gravatar.com\/avatar\/6b01edb108b3f79fc8950358251ecf3b91c228e319139ad1beec43b6b1b16470?s=96&d=mm&r=g","caption":"admin2"},"url":"https:\/\/zurzeit.at\/index.php\/author\/admin2\/"}]}},"_links":{"self":[{"href":"https:\/\/zurzeit.at\/index.php\/wp-json\/wp\/v2\/posts\/6131","targetHints":{"allow":["GET"]}}],"collection":[{"href":"https:\/\/zurzeit.at\/index.php\/wp-json\/wp\/v2\/posts"}],"about":[{"href":"https:\/\/zurzeit.at\/index.php\/wp-json\/wp\/v2\/types\/post"}],"author":[{"embeddable":true,"href":"https:\/\/zurzeit.at\/index.php\/wp-json\/wp\/v2\/users\/3"}],"replies":[{"embeddable":true,"href":"https:\/\/zurzeit.at\/index.php\/wp-json\/wp\/v2\/comments?post=6131"}],"version-history":[{"count":1,"href":"https:\/\/zurzeit.at\/index.php\/wp-json\/wp\/v2\/posts\/6131\/revisions"}],"predecessor-version":[{"id":6134,"href":"https:\/\/zurzeit.at\/index.php\/wp-json\/wp\/v2\/posts\/6131\/revisions\/6134"}],"wp:featuredmedia":[{"embeddable":true,"href":"https:\/\/zurzeit.at\/index.php\/wp-json\/wp\/v2\/media\/6133"}],"wp:attachment":[{"href":"https:\/\/zurzeit.at\/index.php\/wp-json\/wp\/v2\/media?parent=6131"}],"wp:term":[{"taxonomy":"category","embeddable":true,"href":"https:\/\/zurzeit.at\/index.php\/wp-json\/wp\/v2\/categories?post=6131"},{"taxonomy":"post_tag","embeddable":true,"href":"https:\/\/zurzeit.at\/index.php\/wp-json\/wp\/v2\/tags?post=6131"}],"curies":[{"name":"wp","href":"https:\/\/api.w.org\/{rel}","templated":true}]}}