{"id":6906,"date":"2020-09-25T11:20:38","date_gmt":"2020-09-25T09:20:38","guid":{"rendered":"http:\/\/zurzeit.at\/?p=6906"},"modified":"2020-09-25T11:20:38","modified_gmt":"2020-09-25T09:20:38","slug":"europarat-zu-slowenien-deutsch-als-minderheitensprache-anerkennen","status":"publish","type":"post","link":"https:\/\/zurzeit.at\/index.php\/europarat-zu-slowenien-deutsch-als-minderheitensprache-anerkennen\/","title":{"rendered":"Europarat zu Slowenien: Deutsch als Minderheitensprache anerkennen"},"content":{"rendered":"<p>Das Au\u00dfenministerkomitee des Europarates hat untersucht, in welchem Umfang Slowenien die Europ\u00e4ische Charta f\u00fcr Regional- oder Minderheitensprachen umgesetzt hat und empfiehlt Laibach, Deutsch neben Kroatisch und Serbisch als Minderheitensprache anzuerkennen. Aufgrund der V\u00f6lkermordverbrechen der kommunistischen Tito-Partisanen am Ende des Zweiten Weltkriegs lebt in Slowenien nur mehr eine rund 2.000 Menschen umfassende deutsche Restminderheit.<\/p>\n<p>Als Empfehlungen zur \u201esofortigen\u201c Umsetzung legen die Au\u00dfenminister der Mitgliedstaaten des Europarates Slowenien nicht nur die Anerkennung der deutschen Sprache als traditionelle Minderheitensprache nahe, sondern auch einen Dialog mit seiner deutschsprachigen Bev\u00f6lkerung sowie die F\u00f6rderung des Bewusstseins f\u00fcr die deutsche Sprache und Kultur als integraler Bestandteil des kulturellen Erbes Sloweniens in der allgemeinen Bildung und in den Medien.<\/p>\n<p>Als weitere Ma\u00dfnahmen empfiehlt das Komitee des Europarates unter anderem die \u201eEntwicklung und Bereitstellung eines Bildungsmodells f\u00fcr Deutsch als Minderheitensprache von der Vorschule bis zur Sekundarstufe in den Bereichen, in denen die Sprache traditionell gesprochen wird\u201c und die F\u00f6rderung lokaler Radio und Fernsehprogramme in deutscher Sprache.<\/p>\n<p>Kurzum, nach Auffassung des Europarates soll Laibach endlich das umsetzen, was f\u00fcr die slowenische Minderheit in K\u00e4rnten schon lange selbstverst\u00e4ndlich ist.<\/p>\n<p>[Autor: <a href=\"https:\/\/zurzeit.at\/index.php\/autoren\/\">B.T.<\/a> Bild: <a href=\"https:\/\/de.wikipedia.org\/wiki\/Datei:DKS_Obcice_center_tabla.jpg\">Wikipedia\/PhJ<\/a> Lizenz<span class=\"licensetpl_attr\">: <a href=\"https:\/\/de.wikipedia.org\/wiki\/GNU-Lizenz_f%C3%BCr_freie_Dokumentation\">GNU<\/a><\/span>]<\/p>\n","protected":false},"excerpt":{"rendered":"<p>Das Au\u00dfenministerkomitee des Europarates hat untersucht, in welchem Umfang Slowenien die Europ\u00e4ische Charta f\u00fcr Regional-&hellip;<\/p>\n","protected":false},"author":3,"featured_media":6907,"comment_status":"open","ping_status":"closed","sticky":false,"template":"","format":"standard","meta":{"footnotes":""},"categories":[48],"tags":[395,1244,4357,2964,542,3589],"class_list":["post-6906","post","type-post","status-publish","format-standard","has-post-thumbnail","hentry","category-europa","tag-deutsch","tag-deutsche","tag-europarat","tag-minderheiten","tag-slowenien","tag-sprachen"],"yoast_head":"<!-- This site is optimized with the Yoast SEO plugin v28.3 - https:\/\/yoast.com\/product\/yoast-seo-wordpress\/ -->\n<title>Europarat zu Slowenien: Deutsch als Minderheitensprache anerkennen - ZurZeit<\/title>\n<meta name=\"robots\" content=\"index, follow, max-snippet:-1, max-image-preview:large, max-video-preview:-1\" \/>\n<link rel=\"canonical\" href=\"https:\/\/zurzeit.at\/index.php\/europarat-zu-slowenien-deutsch-als-minderheitensprache-anerkennen\/\" \/>\n<meta property=\"og:locale\" content=\"de_DE\" \/>\n<meta property=\"og:type\" content=\"article\" \/>\n<meta property=\"og:title\" content=\"Europarat zu Slowenien: Deutsch als Minderheitensprache anerkennen - ZurZeit\" \/>\n<meta property=\"og:description\" content=\"Das Au\u00dfenministerkomitee des Europarates hat untersucht, in welchem Umfang Slowenien die Europ\u00e4ische Charta f\u00fcr Regional-&hellip;\" \/>\n<meta property=\"og:url\" content=\"https:\/\/zurzeit.at\/index.php\/europarat-zu-slowenien-deutsch-als-minderheitensprache-anerkennen\/\" \/>\n<meta property=\"og:site_name\" content=\"ZurZeit\" \/>\n<meta property=\"article:publisher\" content=\"https:\/\/www.facebook.com\/wochenmagazinZurZeit\/\" \/>\n<meta property=\"article:published_time\" content=\"2020-09-25T09:20:38+00:00\" \/>\n<meta property=\"og:image\" content=\"https:\/\/zurzeit.at\/wp-content\/uploads\/2020\/09\/1024px-DKS_Obcice_center_tabla.jpg\" \/>\n\t<meta property=\"og:image:width\" content=\"1024\" \/>\n\t<meta property=\"og:image:height\" content=\"768\" \/>\n\t<meta property=\"og:image:type\" content=\"image\/jpeg\" \/>\n<meta name=\"author\" content=\"admin2\" \/>\n<meta name=\"twitter:card\" content=\"summary_large_image\" \/>\n<meta name=\"twitter:label1\" content=\"Verfasst von\" \/>\n\t<meta name=\"twitter:data1\" content=\"admin2\" \/>\n\t<meta name=\"twitter:label2\" content=\"Gesch\u00e4tzte Lesezeit\" \/>\n\t<meta name=\"twitter:data2\" content=\"1\u00a0Minute\" \/>\n<script type=\"application\/ld+json\" class=\"yoast-schema-graph\">{\"@context\":\"https:\\\/\\\/schema.org\",\"@graph\":[{\"@type\":\"Article\",\"@id\":\"https:\\\/\\\/zurzeit.at\\\/index.php\\\/europarat-zu-slowenien-deutsch-als-minderheitensprache-anerkennen\\\/#article\",\"isPartOf\":{\"@id\":\"https:\\\/\\\/zurzeit.at\\\/index.php\\\/europarat-zu-slowenien-deutsch-als-minderheitensprache-anerkennen\\\/\"},\"author\":{\"name\":\"admin2\",\"@id\":\"https:\\\/\\\/zurzeit.at\\\/#\\\/schema\\\/person\\\/e6f4284c4ffdba25c26f295806088e37\"},\"headline\":\"Europarat zu Slowenien: Deutsch als Minderheitensprache anerkennen\",\"datePublished\":\"2020-09-25T09:20:38+00:00\",\"mainEntityOfPage\":{\"@id\":\"https:\\\/\\\/zurzeit.at\\\/index.php\\\/europarat-zu-slowenien-deutsch-als-minderheitensprache-anerkennen\\\/\"},\"wordCount\":206,\"commentCount\":0,\"image\":{\"@id\":\"https:\\\/\\\/zurzeit.at\\\/index.php\\\/europarat-zu-slowenien-deutsch-als-minderheitensprache-anerkennen\\\/#primaryimage\"},\"thumbnailUrl\":\"https:\\\/\\\/zurzeit.at\\\/wp-content\\\/uploads\\\/2020\\\/09\\\/1024px-DKS_Obcice_center_tabla.jpg\",\"keywords\":[\"Deutsch\",\"Deutsche\",\"Europarat\",\"Minderheiten\",\"Slowenien\",\"Sprachen\"],\"articleSection\":[\"Europa\"],\"inLanguage\":\"de\",\"potentialAction\":[{\"@type\":\"CommentAction\",\"name\":\"Comment\",\"target\":[\"https:\\\/\\\/zurzeit.at\\\/index.php\\\/europarat-zu-slowenien-deutsch-als-minderheitensprache-anerkennen\\\/#respond\"]}]},{\"@type\":\"WebPage\",\"@id\":\"https:\\\/\\\/zurzeit.at\\\/index.php\\\/europarat-zu-slowenien-deutsch-als-minderheitensprache-anerkennen\\\/\",\"url\":\"https:\\\/\\\/zurzeit.at\\\/index.php\\\/europarat-zu-slowenien-deutsch-als-minderheitensprache-anerkennen\\\/\",\"name\":\"Europarat zu Slowenien: Deutsch als Minderheitensprache anerkennen - ZurZeit\",\"isPartOf\":{\"@id\":\"https:\\\/\\\/zurzeit.at\\\/#website\"},\"primaryImageOfPage\":{\"@id\":\"https:\\\/\\\/zurzeit.at\\\/index.php\\\/europarat-zu-slowenien-deutsch-als-minderheitensprache-anerkennen\\\/#primaryimage\"},\"image\":{\"@id\":\"https:\\\/\\\/zurzeit.at\\\/index.php\\\/europarat-zu-slowenien-deutsch-als-minderheitensprache-anerkennen\\\/#primaryimage\"},\"thumbnailUrl\":\"https:\\\/\\\/zurzeit.at\\\/wp-content\\\/uploads\\\/2020\\\/09\\\/1024px-DKS_Obcice_center_tabla.jpg\",\"datePublished\":\"2020-09-25T09:20:38+00:00\",\"author\":{\"@id\":\"https:\\\/\\\/zurzeit.at\\\/#\\\/schema\\\/person\\\/e6f4284c4ffdba25c26f295806088e37\"},\"breadcrumb\":{\"@id\":\"https:\\\/\\\/zurzeit.at\\\/index.php\\\/europarat-zu-slowenien-deutsch-als-minderheitensprache-anerkennen\\\/#breadcrumb\"},\"inLanguage\":\"de\",\"potentialAction\":[{\"@type\":\"ReadAction\",\"target\":[\"https:\\\/\\\/zurzeit.at\\\/index.php\\\/europarat-zu-slowenien-deutsch-als-minderheitensprache-anerkennen\\\/\"]}]},{\"@type\":\"ImageObject\",\"inLanguage\":\"de\",\"@id\":\"https:\\\/\\\/zurzeit.at\\\/index.php\\\/europarat-zu-slowenien-deutsch-als-minderheitensprache-anerkennen\\\/#primaryimage\",\"url\":\"https:\\\/\\\/zurzeit.at\\\/wp-content\\\/uploads\\\/2020\\\/09\\\/1024px-DKS_Obcice_center_tabla.jpg\",\"contentUrl\":\"https:\\\/\\\/zurzeit.at\\\/wp-content\\\/uploads\\\/2020\\\/09\\\/1024px-DKS_Obcice_center_tabla.jpg\",\"width\":1024,\"height\":768},{\"@type\":\"BreadcrumbList\",\"@id\":\"https:\\\/\\\/zurzeit.at\\\/index.php\\\/europarat-zu-slowenien-deutsch-als-minderheitensprache-anerkennen\\\/#breadcrumb\",\"itemListElement\":[{\"@type\":\"ListItem\",\"position\":1,\"name\":\"Startseite\",\"item\":\"https:\\\/\\\/zurzeit.at\\\/\"},{\"@type\":\"ListItem\",\"position\":2,\"name\":\"Europarat zu Slowenien: Deutsch als Minderheitensprache anerkennen\"}]},{\"@type\":\"WebSite\",\"@id\":\"https:\\\/\\\/zurzeit.at\\\/#website\",\"url\":\"https:\\\/\\\/zurzeit.at\\\/\",\"name\":\"ZurZeit\",\"description\":\"Internetseite des Wochenmagazins ZurZeit\",\"potentialAction\":[{\"@type\":\"SearchAction\",\"target\":{\"@type\":\"EntryPoint\",\"urlTemplate\":\"https:\\\/\\\/zurzeit.at\\\/?s={search_term_string}\"},\"query-input\":{\"@type\":\"PropertyValueSpecification\",\"valueRequired\":true,\"valueName\":\"search_term_string\"}}],\"inLanguage\":\"de\"},{\"@type\":\"Person\",\"@id\":\"https:\\\/\\\/zurzeit.at\\\/#\\\/schema\\\/person\\\/e6f4284c4ffdba25c26f295806088e37\",\"name\":\"admin2\",\"image\":{\"@type\":\"ImageObject\",\"inLanguage\":\"de\",\"@id\":\"https:\\\/\\\/secure.gravatar.com\\\/avatar\\\/6b01edb108b3f79fc8950358251ecf3b91c228e319139ad1beec43b6b1b16470?s=96&d=mm&r=g\",\"url\":\"https:\\\/\\\/secure.gravatar.com\\\/avatar\\\/6b01edb108b3f79fc8950358251ecf3b91c228e319139ad1beec43b6b1b16470?s=96&d=mm&r=g\",\"contentUrl\":\"https:\\\/\\\/secure.gravatar.com\\\/avatar\\\/6b01edb108b3f79fc8950358251ecf3b91c228e319139ad1beec43b6b1b16470?s=96&d=mm&r=g\",\"caption\":\"admin2\"},\"url\":\"https:\\\/\\\/zurzeit.at\\\/index.php\\\/author\\\/admin2\\\/\"}]}<\/script>\n<!-- \/ Yoast SEO plugin. -->","yoast_head_json":{"title":"Europarat zu Slowenien: Deutsch als Minderheitensprache anerkennen - ZurZeit","robots":{"index":"index","follow":"follow","max-snippet":"max-snippet:-1","max-image-preview":"max-image-preview:large","max-video-preview":"max-video-preview:-1"},"canonical":"https:\/\/zurzeit.at\/index.php\/europarat-zu-slowenien-deutsch-als-minderheitensprache-anerkennen\/","og_locale":"de_DE","og_type":"article","og_title":"Europarat zu Slowenien: Deutsch als Minderheitensprache anerkennen - ZurZeit","og_description":"Das Au\u00dfenministerkomitee des Europarates hat untersucht, in welchem Umfang Slowenien die Europ\u00e4ische Charta f\u00fcr Regional-&hellip;","og_url":"https:\/\/zurzeit.at\/index.php\/europarat-zu-slowenien-deutsch-als-minderheitensprache-anerkennen\/","og_site_name":"ZurZeit","article_publisher":"https:\/\/www.facebook.com\/wochenmagazinZurZeit\/","article_published_time":"2020-09-25T09:20:38+00:00","og_image":[{"width":1024,"height":768,"url":"https:\/\/zurzeit.at\/wp-content\/uploads\/2020\/09\/1024px-DKS_Obcice_center_tabla.jpg","type":"image\/jpeg"}],"author":"admin2","twitter_card":"summary_large_image","twitter_misc":{"Verfasst von":"admin2","Gesch\u00e4tzte Lesezeit":"1\u00a0Minute"},"schema":{"@context":"https:\/\/schema.org","@graph":[{"@type":"Article","@id":"https:\/\/zurzeit.at\/index.php\/europarat-zu-slowenien-deutsch-als-minderheitensprache-anerkennen\/#article","isPartOf":{"@id":"https:\/\/zurzeit.at\/index.php\/europarat-zu-slowenien-deutsch-als-minderheitensprache-anerkennen\/"},"author":{"name":"admin2","@id":"https:\/\/zurzeit.at\/#\/schema\/person\/e6f4284c4ffdba25c26f295806088e37"},"headline":"Europarat zu Slowenien: Deutsch als Minderheitensprache anerkennen","datePublished":"2020-09-25T09:20:38+00:00","mainEntityOfPage":{"@id":"https:\/\/zurzeit.at\/index.php\/europarat-zu-slowenien-deutsch-als-minderheitensprache-anerkennen\/"},"wordCount":206,"commentCount":0,"image":{"@id":"https:\/\/zurzeit.at\/index.php\/europarat-zu-slowenien-deutsch-als-minderheitensprache-anerkennen\/#primaryimage"},"thumbnailUrl":"https:\/\/zurzeit.at\/wp-content\/uploads\/2020\/09\/1024px-DKS_Obcice_center_tabla.jpg","keywords":["Deutsch","Deutsche","Europarat","Minderheiten","Slowenien","Sprachen"],"articleSection":["Europa"],"inLanguage":"de","potentialAction":[{"@type":"CommentAction","name":"Comment","target":["https:\/\/zurzeit.at\/index.php\/europarat-zu-slowenien-deutsch-als-minderheitensprache-anerkennen\/#respond"]}]},{"@type":"WebPage","@id":"https:\/\/zurzeit.at\/index.php\/europarat-zu-slowenien-deutsch-als-minderheitensprache-anerkennen\/","url":"https:\/\/zurzeit.at\/index.php\/europarat-zu-slowenien-deutsch-als-minderheitensprache-anerkennen\/","name":"Europarat zu Slowenien: Deutsch als Minderheitensprache anerkennen - ZurZeit","isPartOf":{"@id":"https:\/\/zurzeit.at\/#website"},"primaryImageOfPage":{"@id":"https:\/\/zurzeit.at\/index.php\/europarat-zu-slowenien-deutsch-als-minderheitensprache-anerkennen\/#primaryimage"},"image":{"@id":"https:\/\/zurzeit.at\/index.php\/europarat-zu-slowenien-deutsch-als-minderheitensprache-anerkennen\/#primaryimage"},"thumbnailUrl":"https:\/\/zurzeit.at\/wp-content\/uploads\/2020\/09\/1024px-DKS_Obcice_center_tabla.jpg","datePublished":"2020-09-25T09:20:38+00:00","author":{"@id":"https:\/\/zurzeit.at\/#\/schema\/person\/e6f4284c4ffdba25c26f295806088e37"},"breadcrumb":{"@id":"https:\/\/zurzeit.at\/index.php\/europarat-zu-slowenien-deutsch-als-minderheitensprache-anerkennen\/#breadcrumb"},"inLanguage":"de","potentialAction":[{"@type":"ReadAction","target":["https:\/\/zurzeit.at\/index.php\/europarat-zu-slowenien-deutsch-als-minderheitensprache-anerkennen\/"]}]},{"@type":"ImageObject","inLanguage":"de","@id":"https:\/\/zurzeit.at\/index.php\/europarat-zu-slowenien-deutsch-als-minderheitensprache-anerkennen\/#primaryimage","url":"https:\/\/zurzeit.at\/wp-content\/uploads\/2020\/09\/1024px-DKS_Obcice_center_tabla.jpg","contentUrl":"https:\/\/zurzeit.at\/wp-content\/uploads\/2020\/09\/1024px-DKS_Obcice_center_tabla.jpg","width":1024,"height":768},{"@type":"BreadcrumbList","@id":"https:\/\/zurzeit.at\/index.php\/europarat-zu-slowenien-deutsch-als-minderheitensprache-anerkennen\/#breadcrumb","itemListElement":[{"@type":"ListItem","position":1,"name":"Startseite","item":"https:\/\/zurzeit.at\/"},{"@type":"ListItem","position":2,"name":"Europarat zu Slowenien: Deutsch als Minderheitensprache anerkennen"}]},{"@type":"WebSite","@id":"https:\/\/zurzeit.at\/#website","url":"https:\/\/zurzeit.at\/","name":"ZurZeit","description":"Internetseite des Wochenmagazins ZurZeit","potentialAction":[{"@type":"SearchAction","target":{"@type":"EntryPoint","urlTemplate":"https:\/\/zurzeit.at\/?s={search_term_string}"},"query-input":{"@type":"PropertyValueSpecification","valueRequired":true,"valueName":"search_term_string"}}],"inLanguage":"de"},{"@type":"Person","@id":"https:\/\/zurzeit.at\/#\/schema\/person\/e6f4284c4ffdba25c26f295806088e37","name":"admin2","image":{"@type":"ImageObject","inLanguage":"de","@id":"https:\/\/secure.gravatar.com\/avatar\/6b01edb108b3f79fc8950358251ecf3b91c228e319139ad1beec43b6b1b16470?s=96&d=mm&r=g","url":"https:\/\/secure.gravatar.com\/avatar\/6b01edb108b3f79fc8950358251ecf3b91c228e319139ad1beec43b6b1b16470?s=96&d=mm&r=g","contentUrl":"https:\/\/secure.gravatar.com\/avatar\/6b01edb108b3f79fc8950358251ecf3b91c228e319139ad1beec43b6b1b16470?s=96&d=mm&r=g","caption":"admin2"},"url":"https:\/\/zurzeit.at\/index.php\/author\/admin2\/"}]}},"_links":{"self":[{"href":"https:\/\/zurzeit.at\/index.php\/wp-json\/wp\/v2\/posts\/6906","targetHints":{"allow":["GET"]}}],"collection":[{"href":"https:\/\/zurzeit.at\/index.php\/wp-json\/wp\/v2\/posts"}],"about":[{"href":"https:\/\/zurzeit.at\/index.php\/wp-json\/wp\/v2\/types\/post"}],"author":[{"embeddable":true,"href":"https:\/\/zurzeit.at\/index.php\/wp-json\/wp\/v2\/users\/3"}],"replies":[{"embeddable":true,"href":"https:\/\/zurzeit.at\/index.php\/wp-json\/wp\/v2\/comments?post=6906"}],"version-history":[{"count":1,"href":"https:\/\/zurzeit.at\/index.php\/wp-json\/wp\/v2\/posts\/6906\/revisions"}],"predecessor-version":[{"id":6908,"href":"https:\/\/zurzeit.at\/index.php\/wp-json\/wp\/v2\/posts\/6906\/revisions\/6908"}],"wp:featuredmedia":[{"embeddable":true,"href":"https:\/\/zurzeit.at\/index.php\/wp-json\/wp\/v2\/media\/6907"}],"wp:attachment":[{"href":"https:\/\/zurzeit.at\/index.php\/wp-json\/wp\/v2\/media?parent=6906"}],"wp:term":[{"taxonomy":"category","embeddable":true,"href":"https:\/\/zurzeit.at\/index.php\/wp-json\/wp\/v2\/categories?post=6906"},{"taxonomy":"post_tag","embeddable":true,"href":"https:\/\/zurzeit.at\/index.php\/wp-json\/wp\/v2\/tags?post=6906"}],"curies":[{"name":"wp","href":"https:\/\/api.w.org\/{rel}","templated":true}]}}