{"id":7271,"date":"2020-11-03T13:43:37","date_gmt":"2020-11-03T12:43:37","guid":{"rendered":"http:\/\/zurzeit.at\/?p=7271"},"modified":"2020-11-03T18:08:37","modified_gmt":"2020-11-03T17:08:37","slug":"terror-reaktion-von-gruenen-und-roemisch-katholischen-wuerdentraegern","status":"publish","type":"post","link":"https:\/\/zurzeit.at\/index.php\/terror-reaktion-von-gruenen-und-roemisch-katholischen-wuerdentraegern\/","title":{"rendered":"Terror: Reaktion von Gr\u00fcnen und r\u00f6misch-katholischen W\u00fcrdentr\u00e4gern"},"content":{"rendered":"<p>Vizekanzler und Gr\u00fcnen-Chef Werner Kogler spricht zwar von <em>schockierendem Terror<\/em>, aber viele B\u00fcrger fragen sich: Sind es nicht gerade die Gr\u00fcnen, die \u2013 wiewohl ihnen formaljuristisch nichts vorgeworfen werden kann \u2013 den Boden bereitet haben f\u00fcr diese Untat? Sind es nicht die Gr\u00fcnen, deren Widerstand gegen jedes robuste Vorgehen der Staatsgewalt solche Attent\u00e4ter ermutigt? Sind es nicht sie, die sich beherzt f\u00fcr Verd\u00e4chtige einsetzen, sich ohne R\u00fccksicht auf Verluste an eine zunehmend abstrakte Unschuldsvermutung klammern? Ist es nicht die gr\u00fcne Justizministerin, die wertvolle Ressourcen f\u00fcr M\u00e4tzchen wie \u201eHassrede\u201c vergeudet, anstatt das Augenmerk der Justiz auf echte Gefahren wie zum Beispiel den Islamismus zu richten?<\/p>\n<p>Noch eigenartiger als Koglers Reaktion klingen die Stellungnahmen katholischer Vertreter. \u00dcber die Randale in der St. Antons-Kirche in Wien-Favoriten sowie im Stephansdom findet man blo\u00df \u00e4ngstliche oder gar verharmlosende Kommentare wie zum Beispiel von Seiten des Dompfarrers Faber.<\/p>\n<p>Wiens Erzbischof Christoph Kardinal Sch\u00f6nborn fl\u00fcchtet sich nach der Terrornacht in Wien ins Unverbindliche und formuliert: <em>In diesen dramatischen Stunden bete ich mit vielen anderen, die \u00fcber die Medien die tragischen Ereignisse im Herzen unserer Stadt mitverfolgen, f\u00fcr die Opfer, die Einsatzkr\u00e4fte und dass es zu keinem weiteren Blutvergie\u00dfen kommt. <\/em>Da kommt das Vokabel \u201eIslamismus\u201c nicht vor.<\/p>\n<p>Caritas-Pr\u00e4sident Michael Landau tut es Sch\u00f6nborn gleich: <em>Ich bin in Gedanken und im Gebet bei den Opfern und ihren Angeh\u00f6rigen &#8230; Unsere Werte sind st\u00e4rker als Gewalt und Terror. Liebe ist st\u00e4rker als Hass. <\/em>Stets die dieselben langweiligen Leerformeln \u2026<\/p>\n<p>Schauen wir zu unserem deutschen Nachbarn. Zum islamistischen Terror auf die r\u00f6misch-katholische Kathedrale in Nizza mit drei Toten in Zusammenhang mit den Mohammed-Karikaturen f\u00e4llt den deutschen Bisch\u00f6fen kaum ein konkretes Wort ein. Georg B\u00e4tzing, Bischof von Limburg und derzeit Vorsitzender der deutschen Bischofskonferenz, teilt der \u00d6ffentlichkeit sein <em>Entsetzen <\/em>und seine <em>Trauer <\/em>mit; in der Stellungnahme kommen weder <em>Islam<\/em> noch <em>katholisch<\/em> vor.<\/p>\n<p>Besonders besch\u00e4mend ist der Kommentar des Oberhirten von Bamberg, Erzbischof Ludwig Schick. Darin r\u00fcckt er \u2013 so die \u201eNeue Z\u00fcrcher Zeitung\u201c (NZZ) \u2013 <em>der T\u00e4ter-Opfer-Umkehr einen beherzten Schritt n\u00e4her. <\/em>Denn, so Schick, <em>Beleidigungen von Religionen sind auszuschlie\u00dfen<\/em>. Die NZZ dazu:<\/p>\n<p>\u201eEin katholischer Bischof ruft christlichen Mordopfern hinterher, man solle eben auch den Islam nicht beleidigen. Ist die gek\u00f6pfte Frau f\u00fcr Schick das nachvollziehbare Resultat einer Schm\u00e4hung des Islam, deren sich zuvor irgendjemand schuldig gemacht hat? Mit einer solchen Drehung ins Aberwitzige beleidigt der Bischof letztlich die Opfer.\u201c<\/p>\n<p>Von einer Ecclesia militans keine Spur.<\/p>\n<p>Schlussendlich: Wie halten es die Anf\u00fchrer der Evangelischen? Heinrich Bedford-Strohm, Oberhaupt der lutherischen Religionsgesellschaft in Deutschland, spricht von einem <em>sinnlosen Verbrechen und einen feigen Anschlag<\/em>, als h\u00e4tte er \u2013 so die NZZ leicht \u00e4tzend \u2013 <em>mit einem sinnvollen Verbrechen und einem mutigen Anschlag weniger Probleme.<\/em><\/p>\n<p>[Autor: <a href=\"https:\/\/zurzeit.at\/index.php\/autoren\/\">E.K.-L.<\/a> Bild: <a href=\"https:\/\/commons.wikimedia.org\/wiki\/File:Cardinal_Christoph_Sch%C3%B6nborn.jpg\">Wikipedia\/Th1979<\/a> L<span class=\"licensetpl_attr\">izenz: <a href=\"https:\/\/creativecommons.org\/licenses\/by-sa\/3.0\/\">CC BY-SA 3.0<\/a><\/span>]<\/p>\n","protected":false},"excerpt":{"rendered":"<p>Vizekanzler und Gr\u00fcnen-Chef Werner Kogler spricht zwar von schockierendem Terror, aber viele B\u00fcrger fragen sich:&hellip;<\/p>\n","protected":false},"author":3,"featured_media":7272,"comment_status":"open","ping_status":"closed","sticky":false,"template":"","format":"standard","meta":{"footnotes":""},"categories":[48,51,46],"tags":[4609,4611,2809,963,4610,122,3306,4568,708,4612,2754,356,2202,146],"class_list":["post-7271","post","type-post","status-publish","format-standard","has-post-thumbnail","hentry","category-europa","category-feuilleton","category-oesterreich","tag-erzbischof-christoph","tag-georg-baetzing","tag-heinrich-bedford-strohm","tag-kardinal-schoenborn","tag-ludwig-schick","tag-michael-landau","tag-neue-zuercher-zeitung","tag-nizza","tag-nzz","tag-st-antons-kirche","tag-stephansdom","tag-terror","tag-werner-kogler","tag-wien"],"yoast_head":"<!-- This site is optimized with the Yoast SEO plugin v28.3 - https:\/\/yoast.com\/product\/yoast-seo-wordpress\/ -->\n<title>Terror: Reaktion von Gr\u00fcnen und r\u00f6misch-katholischen W\u00fcrdentr\u00e4gern - ZurZeit<\/title>\n<meta name=\"robots\" content=\"index, follow, max-snippet:-1, max-image-preview:large, max-video-preview:-1\" \/>\n<link rel=\"canonical\" href=\"https:\/\/zurzeit.at\/index.php\/terror-reaktion-von-gruenen-und-roemisch-katholischen-wuerdentraegern\/\" \/>\n<meta property=\"og:locale\" content=\"de_DE\" \/>\n<meta property=\"og:type\" content=\"article\" \/>\n<meta property=\"og:title\" content=\"Terror: Reaktion von Gr\u00fcnen und r\u00f6misch-katholischen W\u00fcrdentr\u00e4gern - ZurZeit\" \/>\n<meta property=\"og:description\" content=\"Vizekanzler und Gr\u00fcnen-Chef Werner Kogler spricht zwar von schockierendem Terror, aber viele B\u00fcrger fragen sich:&hellip;\" \/>\n<meta property=\"og:url\" content=\"https:\/\/zurzeit.at\/index.php\/terror-reaktion-von-gruenen-und-roemisch-katholischen-wuerdentraegern\/\" \/>\n<meta property=\"og:site_name\" content=\"ZurZeit\" \/>\n<meta property=\"article:publisher\" content=\"https:\/\/www.facebook.com\/wochenmagazinZurZeit\/\" \/>\n<meta property=\"article:published_time\" content=\"2020-11-03T12:43:37+00:00\" \/>\n<meta property=\"article:modified_time\" content=\"2020-11-03T17:08:37+00:00\" \/>\n<meta property=\"og:image\" content=\"https:\/\/zurzeit.at\/wp-content\/uploads\/2020\/11\/Cardinal_Christoph_Sch\u00f6nborn.jpg\" \/>\n\t<meta property=\"og:image:width\" content=\"900\" \/>\n\t<meta property=\"og:image:height\" content=\"1200\" \/>\n\t<meta property=\"og:image:type\" content=\"image\/jpeg\" \/>\n<meta name=\"author\" content=\"admin2\" \/>\n<meta name=\"twitter:card\" content=\"summary_large_image\" \/>\n<meta name=\"twitter:label1\" content=\"Verfasst von\" \/>\n\t<meta name=\"twitter:data1\" content=\"admin2\" \/>\n\t<meta name=\"twitter:label2\" content=\"Gesch\u00e4tzte Lesezeit\" \/>\n\t<meta name=\"twitter:data2\" content=\"2\u00a0Minuten\" \/>\n<script type=\"application\/ld+json\" class=\"yoast-schema-graph\">{\"@context\":\"https:\\\/\\\/schema.org\",\"@graph\":[{\"@type\":\"Article\",\"@id\":\"https:\\\/\\\/zurzeit.at\\\/index.php\\\/terror-reaktion-von-gruenen-und-roemisch-katholischen-wuerdentraegern\\\/#article\",\"isPartOf\":{\"@id\":\"https:\\\/\\\/zurzeit.at\\\/index.php\\\/terror-reaktion-von-gruenen-und-roemisch-katholischen-wuerdentraegern\\\/\"},\"author\":{\"name\":\"admin2\",\"@id\":\"https:\\\/\\\/zurzeit.at\\\/#\\\/schema\\\/person\\\/e6f4284c4ffdba25c26f295806088e37\"},\"headline\":\"Terror: Reaktion von Gr\u00fcnen und r\u00f6misch-katholischen W\u00fcrdentr\u00e4gern\",\"datePublished\":\"2020-11-03T12:43:37+00:00\",\"dateModified\":\"2020-11-03T17:08:37+00:00\",\"mainEntityOfPage\":{\"@id\":\"https:\\\/\\\/zurzeit.at\\\/index.php\\\/terror-reaktion-von-gruenen-und-roemisch-katholischen-wuerdentraegern\\\/\"},\"wordCount\":488,\"commentCount\":0,\"image\":{\"@id\":\"https:\\\/\\\/zurzeit.at\\\/index.php\\\/terror-reaktion-von-gruenen-und-roemisch-katholischen-wuerdentraegern\\\/#primaryimage\"},\"thumbnailUrl\":\"https:\\\/\\\/zurzeit.at\\\/wp-content\\\/uploads\\\/2020\\\/11\\\/Cardinal_Christoph_Sch\u00f6nborn.jpg\",\"keywords\":[\"Erzbischof Christoph\",\"Georg B\u00e4tzing\",\"Heinrich Bedford-Strohm\",\"Kardinal Sch\u00f6nborn\",\"Ludwig Schick\",\"Michael Landau\",\"Neue Z\u00fcrcher Zeitung\",\"Nizza\",\"NZZ\",\"St. Antons-Kirche\",\"Stephansdom\",\"Terror\",\"Werner Kogler\",\"Wien\"],\"articleSection\":[\"Europa\",\"Feuilleton\",\"\u00d6sterreich\"],\"inLanguage\":\"de\",\"potentialAction\":[{\"@type\":\"CommentAction\",\"name\":\"Comment\",\"target\":[\"https:\\\/\\\/zurzeit.at\\\/index.php\\\/terror-reaktion-von-gruenen-und-roemisch-katholischen-wuerdentraegern\\\/#respond\"]}]},{\"@type\":\"WebPage\",\"@id\":\"https:\\\/\\\/zurzeit.at\\\/index.php\\\/terror-reaktion-von-gruenen-und-roemisch-katholischen-wuerdentraegern\\\/\",\"url\":\"https:\\\/\\\/zurzeit.at\\\/index.php\\\/terror-reaktion-von-gruenen-und-roemisch-katholischen-wuerdentraegern\\\/\",\"name\":\"Terror: Reaktion von Gr\u00fcnen und r\u00f6misch-katholischen W\u00fcrdentr\u00e4gern - ZurZeit\",\"isPartOf\":{\"@id\":\"https:\\\/\\\/zurzeit.at\\\/#website\"},\"primaryImageOfPage\":{\"@id\":\"https:\\\/\\\/zurzeit.at\\\/index.php\\\/terror-reaktion-von-gruenen-und-roemisch-katholischen-wuerdentraegern\\\/#primaryimage\"},\"image\":{\"@id\":\"https:\\\/\\\/zurzeit.at\\\/index.php\\\/terror-reaktion-von-gruenen-und-roemisch-katholischen-wuerdentraegern\\\/#primaryimage\"},\"thumbnailUrl\":\"https:\\\/\\\/zurzeit.at\\\/wp-content\\\/uploads\\\/2020\\\/11\\\/Cardinal_Christoph_Sch\u00f6nborn.jpg\",\"datePublished\":\"2020-11-03T12:43:37+00:00\",\"dateModified\":\"2020-11-03T17:08:37+00:00\",\"author\":{\"@id\":\"https:\\\/\\\/zurzeit.at\\\/#\\\/schema\\\/person\\\/e6f4284c4ffdba25c26f295806088e37\"},\"breadcrumb\":{\"@id\":\"https:\\\/\\\/zurzeit.at\\\/index.php\\\/terror-reaktion-von-gruenen-und-roemisch-katholischen-wuerdentraegern\\\/#breadcrumb\"},\"inLanguage\":\"de\",\"potentialAction\":[{\"@type\":\"ReadAction\",\"target\":[\"https:\\\/\\\/zurzeit.at\\\/index.php\\\/terror-reaktion-von-gruenen-und-roemisch-katholischen-wuerdentraegern\\\/\"]}]},{\"@type\":\"ImageObject\",\"inLanguage\":\"de\",\"@id\":\"https:\\\/\\\/zurzeit.at\\\/index.php\\\/terror-reaktion-von-gruenen-und-roemisch-katholischen-wuerdentraegern\\\/#primaryimage\",\"url\":\"https:\\\/\\\/zurzeit.at\\\/wp-content\\\/uploads\\\/2020\\\/11\\\/Cardinal_Christoph_Sch\u00f6nborn.jpg\",\"contentUrl\":\"https:\\\/\\\/zurzeit.at\\\/wp-content\\\/uploads\\\/2020\\\/11\\\/Cardinal_Christoph_Sch\u00f6nborn.jpg\",\"width\":900,\"height\":1200},{\"@type\":\"BreadcrumbList\",\"@id\":\"https:\\\/\\\/zurzeit.at\\\/index.php\\\/terror-reaktion-von-gruenen-und-roemisch-katholischen-wuerdentraegern\\\/#breadcrumb\",\"itemListElement\":[{\"@type\":\"ListItem\",\"position\":1,\"name\":\"Startseite\",\"item\":\"https:\\\/\\\/zurzeit.at\\\/\"},{\"@type\":\"ListItem\",\"position\":2,\"name\":\"Terror: Reaktion von Gr\u00fcnen und r\u00f6misch-katholischen W\u00fcrdentr\u00e4gern\"}]},{\"@type\":\"WebSite\",\"@id\":\"https:\\\/\\\/zurzeit.at\\\/#website\",\"url\":\"https:\\\/\\\/zurzeit.at\\\/\",\"name\":\"ZurZeit\",\"description\":\"Internetseite des Wochenmagazins ZurZeit\",\"potentialAction\":[{\"@type\":\"SearchAction\",\"target\":{\"@type\":\"EntryPoint\",\"urlTemplate\":\"https:\\\/\\\/zurzeit.at\\\/?s={search_term_string}\"},\"query-input\":{\"@type\":\"PropertyValueSpecification\",\"valueRequired\":true,\"valueName\":\"search_term_string\"}}],\"inLanguage\":\"de\"},{\"@type\":\"Person\",\"@id\":\"https:\\\/\\\/zurzeit.at\\\/#\\\/schema\\\/person\\\/e6f4284c4ffdba25c26f295806088e37\",\"name\":\"admin2\",\"image\":{\"@type\":\"ImageObject\",\"inLanguage\":\"de\",\"@id\":\"https:\\\/\\\/secure.gravatar.com\\\/avatar\\\/6b01edb108b3f79fc8950358251ecf3b91c228e319139ad1beec43b6b1b16470?s=96&d=mm&r=g\",\"url\":\"https:\\\/\\\/secure.gravatar.com\\\/avatar\\\/6b01edb108b3f79fc8950358251ecf3b91c228e319139ad1beec43b6b1b16470?s=96&d=mm&r=g\",\"contentUrl\":\"https:\\\/\\\/secure.gravatar.com\\\/avatar\\\/6b01edb108b3f79fc8950358251ecf3b91c228e319139ad1beec43b6b1b16470?s=96&d=mm&r=g\",\"caption\":\"admin2\"},\"url\":\"https:\\\/\\\/zurzeit.at\\\/index.php\\\/author\\\/admin2\\\/\"}]}<\/script>\n<!-- \/ Yoast SEO plugin. -->","yoast_head_json":{"title":"Terror: Reaktion von Gr\u00fcnen und r\u00f6misch-katholischen W\u00fcrdentr\u00e4gern - ZurZeit","robots":{"index":"index","follow":"follow","max-snippet":"max-snippet:-1","max-image-preview":"max-image-preview:large","max-video-preview":"max-video-preview:-1"},"canonical":"https:\/\/zurzeit.at\/index.php\/terror-reaktion-von-gruenen-und-roemisch-katholischen-wuerdentraegern\/","og_locale":"de_DE","og_type":"article","og_title":"Terror: Reaktion von Gr\u00fcnen und r\u00f6misch-katholischen W\u00fcrdentr\u00e4gern - ZurZeit","og_description":"Vizekanzler und Gr\u00fcnen-Chef Werner Kogler spricht zwar von schockierendem Terror, aber viele B\u00fcrger fragen sich:&hellip;","og_url":"https:\/\/zurzeit.at\/index.php\/terror-reaktion-von-gruenen-und-roemisch-katholischen-wuerdentraegern\/","og_site_name":"ZurZeit","article_publisher":"https:\/\/www.facebook.com\/wochenmagazinZurZeit\/","article_published_time":"2020-11-03T12:43:37+00:00","article_modified_time":"2020-11-03T17:08:37+00:00","og_image":[{"width":900,"height":1200,"url":"https:\/\/zurzeit.at\/wp-content\/uploads\/2020\/11\/Cardinal_Christoph_Sch\u00f6nborn.jpg","type":"image\/jpeg"}],"author":"admin2","twitter_card":"summary_large_image","twitter_misc":{"Verfasst von":"admin2","Gesch\u00e4tzte Lesezeit":"2\u00a0Minuten"},"schema":{"@context":"https:\/\/schema.org","@graph":[{"@type":"Article","@id":"https:\/\/zurzeit.at\/index.php\/terror-reaktion-von-gruenen-und-roemisch-katholischen-wuerdentraegern\/#article","isPartOf":{"@id":"https:\/\/zurzeit.at\/index.php\/terror-reaktion-von-gruenen-und-roemisch-katholischen-wuerdentraegern\/"},"author":{"name":"admin2","@id":"https:\/\/zurzeit.at\/#\/schema\/person\/e6f4284c4ffdba25c26f295806088e37"},"headline":"Terror: Reaktion von Gr\u00fcnen und r\u00f6misch-katholischen W\u00fcrdentr\u00e4gern","datePublished":"2020-11-03T12:43:37+00:00","dateModified":"2020-11-03T17:08:37+00:00","mainEntityOfPage":{"@id":"https:\/\/zurzeit.at\/index.php\/terror-reaktion-von-gruenen-und-roemisch-katholischen-wuerdentraegern\/"},"wordCount":488,"commentCount":0,"image":{"@id":"https:\/\/zurzeit.at\/index.php\/terror-reaktion-von-gruenen-und-roemisch-katholischen-wuerdentraegern\/#primaryimage"},"thumbnailUrl":"https:\/\/zurzeit.at\/wp-content\/uploads\/2020\/11\/Cardinal_Christoph_Sch\u00f6nborn.jpg","keywords":["Erzbischof Christoph","Georg B\u00e4tzing","Heinrich Bedford-Strohm","Kardinal Sch\u00f6nborn","Ludwig Schick","Michael Landau","Neue Z\u00fcrcher Zeitung","Nizza","NZZ","St. Antons-Kirche","Stephansdom","Terror","Werner Kogler","Wien"],"articleSection":["Europa","Feuilleton","\u00d6sterreich"],"inLanguage":"de","potentialAction":[{"@type":"CommentAction","name":"Comment","target":["https:\/\/zurzeit.at\/index.php\/terror-reaktion-von-gruenen-und-roemisch-katholischen-wuerdentraegern\/#respond"]}]},{"@type":"WebPage","@id":"https:\/\/zurzeit.at\/index.php\/terror-reaktion-von-gruenen-und-roemisch-katholischen-wuerdentraegern\/","url":"https:\/\/zurzeit.at\/index.php\/terror-reaktion-von-gruenen-und-roemisch-katholischen-wuerdentraegern\/","name":"Terror: Reaktion von Gr\u00fcnen und r\u00f6misch-katholischen W\u00fcrdentr\u00e4gern - ZurZeit","isPartOf":{"@id":"https:\/\/zurzeit.at\/#website"},"primaryImageOfPage":{"@id":"https:\/\/zurzeit.at\/index.php\/terror-reaktion-von-gruenen-und-roemisch-katholischen-wuerdentraegern\/#primaryimage"},"image":{"@id":"https:\/\/zurzeit.at\/index.php\/terror-reaktion-von-gruenen-und-roemisch-katholischen-wuerdentraegern\/#primaryimage"},"thumbnailUrl":"https:\/\/zurzeit.at\/wp-content\/uploads\/2020\/11\/Cardinal_Christoph_Sch\u00f6nborn.jpg","datePublished":"2020-11-03T12:43:37+00:00","dateModified":"2020-11-03T17:08:37+00:00","author":{"@id":"https:\/\/zurzeit.at\/#\/schema\/person\/e6f4284c4ffdba25c26f295806088e37"},"breadcrumb":{"@id":"https:\/\/zurzeit.at\/index.php\/terror-reaktion-von-gruenen-und-roemisch-katholischen-wuerdentraegern\/#breadcrumb"},"inLanguage":"de","potentialAction":[{"@type":"ReadAction","target":["https:\/\/zurzeit.at\/index.php\/terror-reaktion-von-gruenen-und-roemisch-katholischen-wuerdentraegern\/"]}]},{"@type":"ImageObject","inLanguage":"de","@id":"https:\/\/zurzeit.at\/index.php\/terror-reaktion-von-gruenen-und-roemisch-katholischen-wuerdentraegern\/#primaryimage","url":"https:\/\/zurzeit.at\/wp-content\/uploads\/2020\/11\/Cardinal_Christoph_Sch\u00f6nborn.jpg","contentUrl":"https:\/\/zurzeit.at\/wp-content\/uploads\/2020\/11\/Cardinal_Christoph_Sch\u00f6nborn.jpg","width":900,"height":1200},{"@type":"BreadcrumbList","@id":"https:\/\/zurzeit.at\/index.php\/terror-reaktion-von-gruenen-und-roemisch-katholischen-wuerdentraegern\/#breadcrumb","itemListElement":[{"@type":"ListItem","position":1,"name":"Startseite","item":"https:\/\/zurzeit.at\/"},{"@type":"ListItem","position":2,"name":"Terror: Reaktion von Gr\u00fcnen und r\u00f6misch-katholischen W\u00fcrdentr\u00e4gern"}]},{"@type":"WebSite","@id":"https:\/\/zurzeit.at\/#website","url":"https:\/\/zurzeit.at\/","name":"ZurZeit","description":"Internetseite des Wochenmagazins ZurZeit","potentialAction":[{"@type":"SearchAction","target":{"@type":"EntryPoint","urlTemplate":"https:\/\/zurzeit.at\/?s={search_term_string}"},"query-input":{"@type":"PropertyValueSpecification","valueRequired":true,"valueName":"search_term_string"}}],"inLanguage":"de"},{"@type":"Person","@id":"https:\/\/zurzeit.at\/#\/schema\/person\/e6f4284c4ffdba25c26f295806088e37","name":"admin2","image":{"@type":"ImageObject","inLanguage":"de","@id":"https:\/\/secure.gravatar.com\/avatar\/6b01edb108b3f79fc8950358251ecf3b91c228e319139ad1beec43b6b1b16470?s=96&d=mm&r=g","url":"https:\/\/secure.gravatar.com\/avatar\/6b01edb108b3f79fc8950358251ecf3b91c228e319139ad1beec43b6b1b16470?s=96&d=mm&r=g","contentUrl":"https:\/\/secure.gravatar.com\/avatar\/6b01edb108b3f79fc8950358251ecf3b91c228e319139ad1beec43b6b1b16470?s=96&d=mm&r=g","caption":"admin2"},"url":"https:\/\/zurzeit.at\/index.php\/author\/admin2\/"}]}},"_links":{"self":[{"href":"https:\/\/zurzeit.at\/index.php\/wp-json\/wp\/v2\/posts\/7271","targetHints":{"allow":["GET"]}}],"collection":[{"href":"https:\/\/zurzeit.at\/index.php\/wp-json\/wp\/v2\/posts"}],"about":[{"href":"https:\/\/zurzeit.at\/index.php\/wp-json\/wp\/v2\/types\/post"}],"author":[{"embeddable":true,"href":"https:\/\/zurzeit.at\/index.php\/wp-json\/wp\/v2\/users\/3"}],"replies":[{"embeddable":true,"href":"https:\/\/zurzeit.at\/index.php\/wp-json\/wp\/v2\/comments?post=7271"}],"version-history":[{"count":2,"href":"https:\/\/zurzeit.at\/index.php\/wp-json\/wp\/v2\/posts\/7271\/revisions"}],"predecessor-version":[{"id":7281,"href":"https:\/\/zurzeit.at\/index.php\/wp-json\/wp\/v2\/posts\/7271\/revisions\/7281"}],"wp:featuredmedia":[{"embeddable":true,"href":"https:\/\/zurzeit.at\/index.php\/wp-json\/wp\/v2\/media\/7272"}],"wp:attachment":[{"href":"https:\/\/zurzeit.at\/index.php\/wp-json\/wp\/v2\/media?parent=7271"}],"wp:term":[{"taxonomy":"category","embeddable":true,"href":"https:\/\/zurzeit.at\/index.php\/wp-json\/wp\/v2\/categories?post=7271"},{"taxonomy":"post_tag","embeddable":true,"href":"https:\/\/zurzeit.at\/index.php\/wp-json\/wp\/v2\/tags?post=7271"}],"curies":[{"name":"wp","href":"https:\/\/api.w.org\/{rel}","templated":true}]}}