{"id":7286,"date":"2020-11-04T10:05:33","date_gmt":"2020-11-04T09:05:33","guid":{"rendered":"http:\/\/zurzeit.at\/?p=7286"},"modified":"2020-11-04T11:07:42","modified_gmt":"2020-11-04T10:07:42","slug":"grossbritannien-auf-dem-weg-in-die-corona-diktatur","status":"publish","type":"post","link":"https:\/\/zurzeit.at\/index.php\/grossbritannien-auf-dem-weg-in-die-corona-diktatur\/","title":{"rendered":"Gro\u00dfbritannien auf dem Weg in die Corona-Diktatur"},"content":{"rendered":"<h1>W\u00e4hrend Lockdowns sollen Proteste von mehr als zwei Personen verboten sein<\/h1>\n<p>Gro\u00dfbritannien, das sich zu Beginn der Coronakrise noch am schwedischen Modell orientiert hat, schwenkt nun in Richtung Corona-Diktatur um. Medienberichten zufolge plant Innenministerin Priti Patel, w\u00e4hrend des morgen beginnenden Lockdowns das Demonstrationsrecht erheblich einzuschr\u00e4nken. Demnach sollen nur mehr zwei Personen f\u00fcr oder gegen etwas demonstrieren d\u00fcrfen. Offenkundig soll mit dieser Ma\u00dfnahme verhindert werden, dass in der \u00d6ffentlichkeit B\u00fcrger die Coronapolitik der Regierung von Premierminister Johnson kritisieren.<\/p>\n<p>Die konservative Innenministerin erkl\u00e4rte auch, dass sie die Polizeichefs angewiesen habe, die Regeln durchzusetzen. Das bedeutet, dass die Polizei massiv gegen Coronakritiker vorgehen soll. Ob es aber tats\u00e4chlich zu diesem rechtsstaatlich h\u00f6chst bedenklichen Zustand kommen wird, muss sich aber erst zeigen. So mehr \u201eDaily Mail\u201c an, \u201ees wird angenommen, dass einige hochrangige Beamte besorgt sind, dass dieser Schritt zu unterdr\u00fcckend f\u00fcr eine liberale Gesellschaft ist\u201c.<\/p>\n<p>Offenkundig ordnet die Regierung in London die Grundrechte auf Meinungs- und Versammlungsfreiheit umstritten Ma\u00dfnahmen zur Bek\u00e4mpfung des Coronavirus unter. Eine Sprecherin des Innenministeriums erkl\u00e4rte gegen\u00fcber Yahoo News UK, zwar sei \u201edas Recht auf friedliche Proteste einer der Eckpfeiler unserer Demokratie\u201c. Allerdings berge\u201c jede Versammlung das Risiko, dass sich die Seuche ausbreitet, zu mehr Todesf\u00e4llen f\u00fchrt, weshalb wir alle eine wichtige Rolle bei der Bek\u00e4mpfung des Virus spielen\u201c.<\/p>\n<p>[Autor: <a href=\"https:\/\/zurzeit.at\/index.php\/autoren\/\">B.T.<\/a> Bild:<a href=\"https:\/\/commons.wikimedia.org\/wiki\/File:Canadian_COVID-19_protesters_(cropped).jpg\"> Wikipedia\/<span class=\"mw-mmv-source-author\">Flickr <\/span><\/a>L<span class=\"licensetpl_attr\">izenz: <a href=\"https:\/\/creativecommons.org\/publicdomain\/zero\/1.0\/deed.en\">CC0 1.0<\/a>]<\/span><\/p>\n","protected":false},"excerpt":{"rendered":"<p>W\u00e4hrend Lockdowns sollen Proteste von mehr als zwei Personen verboten sein Gro\u00dfbritannien, das sich zu&hellip;<\/p>\n","protected":false},"author":3,"featured_media":7287,"comment_status":"open","ping_status":"closed","sticky":false,"template":"","format":"standard","meta":{"footnotes":""},"categories":[48],"tags":[3071,3136,2011,1726,522,236,3375,4617,1609],"class_list":["post-7286","post","type-post","status-publish","format-standard","has-post-thumbnail","hentry","category-europa","tag-corona","tag-coronavirus","tag-demonstrationen","tag-freiheit","tag-grossbritannien","tag-grundrechte","tag-lockdown","tag-priti-patel","tag-proteste"],"yoast_head":"<!-- This site is optimized with the Yoast SEO plugin v28.3 - https:\/\/yoast.com\/product\/yoast-seo-wordpress\/ -->\n<title>Gro\u00dfbritannien auf dem Weg in die Corona-Diktatur - ZurZeit<\/title>\n<meta name=\"robots\" content=\"index, follow, max-snippet:-1, max-image-preview:large, max-video-preview:-1\" \/>\n<link rel=\"canonical\" href=\"https:\/\/zurzeit.at\/index.php\/grossbritannien-auf-dem-weg-in-die-corona-diktatur\/\" \/>\n<meta property=\"og:locale\" content=\"de_DE\" \/>\n<meta property=\"og:type\" content=\"article\" \/>\n<meta property=\"og:title\" content=\"Gro\u00dfbritannien auf dem Weg in die Corona-Diktatur - ZurZeit\" \/>\n<meta property=\"og:description\" content=\"W\u00e4hrend Lockdowns sollen Proteste von mehr als zwei Personen verboten sein Gro\u00dfbritannien, das sich zu&hellip;\" \/>\n<meta property=\"og:url\" content=\"https:\/\/zurzeit.at\/index.php\/grossbritannien-auf-dem-weg-in-die-corona-diktatur\/\" \/>\n<meta property=\"og:site_name\" content=\"ZurZeit\" \/>\n<meta property=\"article:publisher\" content=\"https:\/\/www.facebook.com\/wochenmagazinZurZeit\/\" \/>\n<meta property=\"article:published_time\" content=\"2020-11-04T09:05:33+00:00\" \/>\n<meta property=\"article:modified_time\" content=\"2020-11-04T10:07:42+00:00\" \/>\n<meta property=\"og:image\" content=\"https:\/\/zurzeit.at\/wp-content\/uploads\/2020\/11\/Canadian_COVID-19_protesters_cropped-1024x905.jpg\" \/>\n\t<meta property=\"og:image:width\" content=\"1024\" \/>\n\t<meta property=\"og:image:height\" content=\"905\" \/>\n\t<meta property=\"og:image:type\" content=\"image\/jpeg\" \/>\n<meta name=\"author\" content=\"admin2\" \/>\n<meta name=\"twitter:card\" content=\"summary_large_image\" \/>\n<meta name=\"twitter:label1\" content=\"Verfasst von\" \/>\n\t<meta name=\"twitter:data1\" content=\"admin2\" \/>\n\t<meta name=\"twitter:label2\" content=\"Gesch\u00e4tzte Lesezeit\" \/>\n\t<meta name=\"twitter:data2\" content=\"1\u00a0Minute\" \/>\n<script type=\"application\/ld+json\" class=\"yoast-schema-graph\">{\"@context\":\"https:\\\/\\\/schema.org\",\"@graph\":[{\"@type\":\"Article\",\"@id\":\"https:\\\/\\\/zurzeit.at\\\/index.php\\\/grossbritannien-auf-dem-weg-in-die-corona-diktatur\\\/#article\",\"isPartOf\":{\"@id\":\"https:\\\/\\\/zurzeit.at\\\/index.php\\\/grossbritannien-auf-dem-weg-in-die-corona-diktatur\\\/\"},\"author\":{\"name\":\"admin2\",\"@id\":\"https:\\\/\\\/zurzeit.at\\\/#\\\/schema\\\/person\\\/e6f4284c4ffdba25c26f295806088e37\"},\"headline\":\"Gro\u00dfbritannien auf dem Weg in die Corona-Diktatur\",\"datePublished\":\"2020-11-04T09:05:33+00:00\",\"dateModified\":\"2020-11-04T10:07:42+00:00\",\"mainEntityOfPage\":{\"@id\":\"https:\\\/\\\/zurzeit.at\\\/index.php\\\/grossbritannien-auf-dem-weg-in-die-corona-diktatur\\\/\"},\"wordCount\":245,\"commentCount\":0,\"image\":{\"@id\":\"https:\\\/\\\/zurzeit.at\\\/index.php\\\/grossbritannien-auf-dem-weg-in-die-corona-diktatur\\\/#primaryimage\"},\"thumbnailUrl\":\"https:\\\/\\\/zurzeit.at\\\/wp-content\\\/uploads\\\/2020\\\/11\\\/Canadian_COVID-19_protesters_cropped.jpg\",\"keywords\":[\"Corona\",\"Coronavirus\",\"Demonstrationen\",\"Freiheit\",\"Gro\u00dfbritannien\",\"Grundrechte\",\"Lockdown\",\"Priti Patel\",\"Proteste\"],\"articleSection\":[\"Europa\"],\"inLanguage\":\"de\",\"potentialAction\":[{\"@type\":\"CommentAction\",\"name\":\"Comment\",\"target\":[\"https:\\\/\\\/zurzeit.at\\\/index.php\\\/grossbritannien-auf-dem-weg-in-die-corona-diktatur\\\/#respond\"]}]},{\"@type\":\"WebPage\",\"@id\":\"https:\\\/\\\/zurzeit.at\\\/index.php\\\/grossbritannien-auf-dem-weg-in-die-corona-diktatur\\\/\",\"url\":\"https:\\\/\\\/zurzeit.at\\\/index.php\\\/grossbritannien-auf-dem-weg-in-die-corona-diktatur\\\/\",\"name\":\"Gro\u00dfbritannien auf dem Weg in die Corona-Diktatur - ZurZeit\",\"isPartOf\":{\"@id\":\"https:\\\/\\\/zurzeit.at\\\/#website\"},\"primaryImageOfPage\":{\"@id\":\"https:\\\/\\\/zurzeit.at\\\/index.php\\\/grossbritannien-auf-dem-weg-in-die-corona-diktatur\\\/#primaryimage\"},\"image\":{\"@id\":\"https:\\\/\\\/zurzeit.at\\\/index.php\\\/grossbritannien-auf-dem-weg-in-die-corona-diktatur\\\/#primaryimage\"},\"thumbnailUrl\":\"https:\\\/\\\/zurzeit.at\\\/wp-content\\\/uploads\\\/2020\\\/11\\\/Canadian_COVID-19_protesters_cropped.jpg\",\"datePublished\":\"2020-11-04T09:05:33+00:00\",\"dateModified\":\"2020-11-04T10:07:42+00:00\",\"author\":{\"@id\":\"https:\\\/\\\/zurzeit.at\\\/#\\\/schema\\\/person\\\/e6f4284c4ffdba25c26f295806088e37\"},\"breadcrumb\":{\"@id\":\"https:\\\/\\\/zurzeit.at\\\/index.php\\\/grossbritannien-auf-dem-weg-in-die-corona-diktatur\\\/#breadcrumb\"},\"inLanguage\":\"de\",\"potentialAction\":[{\"@type\":\"ReadAction\",\"target\":[\"https:\\\/\\\/zurzeit.at\\\/index.php\\\/grossbritannien-auf-dem-weg-in-die-corona-diktatur\\\/\"]}]},{\"@type\":\"ImageObject\",\"inLanguage\":\"de\",\"@id\":\"https:\\\/\\\/zurzeit.at\\\/index.php\\\/grossbritannien-auf-dem-weg-in-die-corona-diktatur\\\/#primaryimage\",\"url\":\"https:\\\/\\\/zurzeit.at\\\/wp-content\\\/uploads\\\/2020\\\/11\\\/Canadian_COVID-19_protesters_cropped.jpg\",\"contentUrl\":\"https:\\\/\\\/zurzeit.at\\\/wp-content\\\/uploads\\\/2020\\\/11\\\/Canadian_COVID-19_protesters_cropped.jpg\",\"width\":4024,\"height\":3555,\"caption\":\"Protesters at Queen's Parki on Saturday, April 25 demand an end to public health rules put in place to stop the spread of COVID-19.\"},{\"@type\":\"BreadcrumbList\",\"@id\":\"https:\\\/\\\/zurzeit.at\\\/index.php\\\/grossbritannien-auf-dem-weg-in-die-corona-diktatur\\\/#breadcrumb\",\"itemListElement\":[{\"@type\":\"ListItem\",\"position\":1,\"name\":\"Startseite\",\"item\":\"https:\\\/\\\/zurzeit.at\\\/\"},{\"@type\":\"ListItem\",\"position\":2,\"name\":\"Gro\u00dfbritannien auf dem Weg in die Corona-Diktatur\"}]},{\"@type\":\"WebSite\",\"@id\":\"https:\\\/\\\/zurzeit.at\\\/#website\",\"url\":\"https:\\\/\\\/zurzeit.at\\\/\",\"name\":\"ZurZeit\",\"description\":\"Internetseite des Wochenmagazins ZurZeit\",\"potentialAction\":[{\"@type\":\"SearchAction\",\"target\":{\"@type\":\"EntryPoint\",\"urlTemplate\":\"https:\\\/\\\/zurzeit.at\\\/?s={search_term_string}\"},\"query-input\":{\"@type\":\"PropertyValueSpecification\",\"valueRequired\":true,\"valueName\":\"search_term_string\"}}],\"inLanguage\":\"de\"},{\"@type\":\"Person\",\"@id\":\"https:\\\/\\\/zurzeit.at\\\/#\\\/schema\\\/person\\\/e6f4284c4ffdba25c26f295806088e37\",\"name\":\"admin2\",\"image\":{\"@type\":\"ImageObject\",\"inLanguage\":\"de\",\"@id\":\"https:\\\/\\\/secure.gravatar.com\\\/avatar\\\/6b01edb108b3f79fc8950358251ecf3b91c228e319139ad1beec43b6b1b16470?s=96&d=mm&r=g\",\"url\":\"https:\\\/\\\/secure.gravatar.com\\\/avatar\\\/6b01edb108b3f79fc8950358251ecf3b91c228e319139ad1beec43b6b1b16470?s=96&d=mm&r=g\",\"contentUrl\":\"https:\\\/\\\/secure.gravatar.com\\\/avatar\\\/6b01edb108b3f79fc8950358251ecf3b91c228e319139ad1beec43b6b1b16470?s=96&d=mm&r=g\",\"caption\":\"admin2\"},\"url\":\"https:\\\/\\\/zurzeit.at\\\/index.php\\\/author\\\/admin2\\\/\"}]}<\/script>\n<!-- \/ Yoast SEO plugin. -->","yoast_head_json":{"title":"Gro\u00dfbritannien auf dem Weg in die Corona-Diktatur - ZurZeit","robots":{"index":"index","follow":"follow","max-snippet":"max-snippet:-1","max-image-preview":"max-image-preview:large","max-video-preview":"max-video-preview:-1"},"canonical":"https:\/\/zurzeit.at\/index.php\/grossbritannien-auf-dem-weg-in-die-corona-diktatur\/","og_locale":"de_DE","og_type":"article","og_title":"Gro\u00dfbritannien auf dem Weg in die Corona-Diktatur - ZurZeit","og_description":"W\u00e4hrend Lockdowns sollen Proteste von mehr als zwei Personen verboten sein Gro\u00dfbritannien, das sich zu&hellip;","og_url":"https:\/\/zurzeit.at\/index.php\/grossbritannien-auf-dem-weg-in-die-corona-diktatur\/","og_site_name":"ZurZeit","article_publisher":"https:\/\/www.facebook.com\/wochenmagazinZurZeit\/","article_published_time":"2020-11-04T09:05:33+00:00","article_modified_time":"2020-11-04T10:07:42+00:00","og_image":[{"width":1024,"height":905,"url":"https:\/\/zurzeit.at\/wp-content\/uploads\/2020\/11\/Canadian_COVID-19_protesters_cropped-1024x905.jpg","type":"image\/jpeg"}],"author":"admin2","twitter_card":"summary_large_image","twitter_misc":{"Verfasst von":"admin2","Gesch\u00e4tzte Lesezeit":"1\u00a0Minute"},"schema":{"@context":"https:\/\/schema.org","@graph":[{"@type":"Article","@id":"https:\/\/zurzeit.at\/index.php\/grossbritannien-auf-dem-weg-in-die-corona-diktatur\/#article","isPartOf":{"@id":"https:\/\/zurzeit.at\/index.php\/grossbritannien-auf-dem-weg-in-die-corona-diktatur\/"},"author":{"name":"admin2","@id":"https:\/\/zurzeit.at\/#\/schema\/person\/e6f4284c4ffdba25c26f295806088e37"},"headline":"Gro\u00dfbritannien auf dem Weg in die Corona-Diktatur","datePublished":"2020-11-04T09:05:33+00:00","dateModified":"2020-11-04T10:07:42+00:00","mainEntityOfPage":{"@id":"https:\/\/zurzeit.at\/index.php\/grossbritannien-auf-dem-weg-in-die-corona-diktatur\/"},"wordCount":245,"commentCount":0,"image":{"@id":"https:\/\/zurzeit.at\/index.php\/grossbritannien-auf-dem-weg-in-die-corona-diktatur\/#primaryimage"},"thumbnailUrl":"https:\/\/zurzeit.at\/wp-content\/uploads\/2020\/11\/Canadian_COVID-19_protesters_cropped.jpg","keywords":["Corona","Coronavirus","Demonstrationen","Freiheit","Gro\u00dfbritannien","Grundrechte","Lockdown","Priti Patel","Proteste"],"articleSection":["Europa"],"inLanguage":"de","potentialAction":[{"@type":"CommentAction","name":"Comment","target":["https:\/\/zurzeit.at\/index.php\/grossbritannien-auf-dem-weg-in-die-corona-diktatur\/#respond"]}]},{"@type":"WebPage","@id":"https:\/\/zurzeit.at\/index.php\/grossbritannien-auf-dem-weg-in-die-corona-diktatur\/","url":"https:\/\/zurzeit.at\/index.php\/grossbritannien-auf-dem-weg-in-die-corona-diktatur\/","name":"Gro\u00dfbritannien auf dem Weg in die Corona-Diktatur - ZurZeit","isPartOf":{"@id":"https:\/\/zurzeit.at\/#website"},"primaryImageOfPage":{"@id":"https:\/\/zurzeit.at\/index.php\/grossbritannien-auf-dem-weg-in-die-corona-diktatur\/#primaryimage"},"image":{"@id":"https:\/\/zurzeit.at\/index.php\/grossbritannien-auf-dem-weg-in-die-corona-diktatur\/#primaryimage"},"thumbnailUrl":"https:\/\/zurzeit.at\/wp-content\/uploads\/2020\/11\/Canadian_COVID-19_protesters_cropped.jpg","datePublished":"2020-11-04T09:05:33+00:00","dateModified":"2020-11-04T10:07:42+00:00","author":{"@id":"https:\/\/zurzeit.at\/#\/schema\/person\/e6f4284c4ffdba25c26f295806088e37"},"breadcrumb":{"@id":"https:\/\/zurzeit.at\/index.php\/grossbritannien-auf-dem-weg-in-die-corona-diktatur\/#breadcrumb"},"inLanguage":"de","potentialAction":[{"@type":"ReadAction","target":["https:\/\/zurzeit.at\/index.php\/grossbritannien-auf-dem-weg-in-die-corona-diktatur\/"]}]},{"@type":"ImageObject","inLanguage":"de","@id":"https:\/\/zurzeit.at\/index.php\/grossbritannien-auf-dem-weg-in-die-corona-diktatur\/#primaryimage","url":"https:\/\/zurzeit.at\/wp-content\/uploads\/2020\/11\/Canadian_COVID-19_protesters_cropped.jpg","contentUrl":"https:\/\/zurzeit.at\/wp-content\/uploads\/2020\/11\/Canadian_COVID-19_protesters_cropped.jpg","width":4024,"height":3555,"caption":"Protesters at Queen's Parki on Saturday, April 25 demand an end to public health rules put in place to stop the spread of COVID-19."},{"@type":"BreadcrumbList","@id":"https:\/\/zurzeit.at\/index.php\/grossbritannien-auf-dem-weg-in-die-corona-diktatur\/#breadcrumb","itemListElement":[{"@type":"ListItem","position":1,"name":"Startseite","item":"https:\/\/zurzeit.at\/"},{"@type":"ListItem","position":2,"name":"Gro\u00dfbritannien auf dem Weg in die Corona-Diktatur"}]},{"@type":"WebSite","@id":"https:\/\/zurzeit.at\/#website","url":"https:\/\/zurzeit.at\/","name":"ZurZeit","description":"Internetseite des Wochenmagazins ZurZeit","potentialAction":[{"@type":"SearchAction","target":{"@type":"EntryPoint","urlTemplate":"https:\/\/zurzeit.at\/?s={search_term_string}"},"query-input":{"@type":"PropertyValueSpecification","valueRequired":true,"valueName":"search_term_string"}}],"inLanguage":"de"},{"@type":"Person","@id":"https:\/\/zurzeit.at\/#\/schema\/person\/e6f4284c4ffdba25c26f295806088e37","name":"admin2","image":{"@type":"ImageObject","inLanguage":"de","@id":"https:\/\/secure.gravatar.com\/avatar\/6b01edb108b3f79fc8950358251ecf3b91c228e319139ad1beec43b6b1b16470?s=96&d=mm&r=g","url":"https:\/\/secure.gravatar.com\/avatar\/6b01edb108b3f79fc8950358251ecf3b91c228e319139ad1beec43b6b1b16470?s=96&d=mm&r=g","contentUrl":"https:\/\/secure.gravatar.com\/avatar\/6b01edb108b3f79fc8950358251ecf3b91c228e319139ad1beec43b6b1b16470?s=96&d=mm&r=g","caption":"admin2"},"url":"https:\/\/zurzeit.at\/index.php\/author\/admin2\/"}]}},"_links":{"self":[{"href":"https:\/\/zurzeit.at\/index.php\/wp-json\/wp\/v2\/posts\/7286","targetHints":{"allow":["GET"]}}],"collection":[{"href":"https:\/\/zurzeit.at\/index.php\/wp-json\/wp\/v2\/posts"}],"about":[{"href":"https:\/\/zurzeit.at\/index.php\/wp-json\/wp\/v2\/types\/post"}],"author":[{"embeddable":true,"href":"https:\/\/zurzeit.at\/index.php\/wp-json\/wp\/v2\/users\/3"}],"replies":[{"embeddable":true,"href":"https:\/\/zurzeit.at\/index.php\/wp-json\/wp\/v2\/comments?post=7286"}],"version-history":[{"count":1,"href":"https:\/\/zurzeit.at\/index.php\/wp-json\/wp\/v2\/posts\/7286\/revisions"}],"predecessor-version":[{"id":7288,"href":"https:\/\/zurzeit.at\/index.php\/wp-json\/wp\/v2\/posts\/7286\/revisions\/7288"}],"wp:featuredmedia":[{"embeddable":true,"href":"https:\/\/zurzeit.at\/index.php\/wp-json\/wp\/v2\/media\/7287"}],"wp:attachment":[{"href":"https:\/\/zurzeit.at\/index.php\/wp-json\/wp\/v2\/media?parent=7286"}],"wp:term":[{"taxonomy":"category","embeddable":true,"href":"https:\/\/zurzeit.at\/index.php\/wp-json\/wp\/v2\/categories?post=7286"},{"taxonomy":"post_tag","embeddable":true,"href":"https:\/\/zurzeit.at\/index.php\/wp-json\/wp\/v2\/tags?post=7286"}],"curies":[{"name":"wp","href":"https:\/\/api.w.org\/{rel}","templated":true}]}}