{"id":8103,"date":"2021-01-14T10:05:15","date_gmt":"2021-01-14T09:05:15","guid":{"rendered":"http:\/\/zurzeit.at\/?p=8103"},"modified":"2021-01-14T10:08:32","modified_gmt":"2021-01-14T09:08:32","slug":"skandaloese-loeschung-von-kickl-parlamentsrede","status":"publish","type":"post","link":"https:\/\/zurzeit.at\/index.php\/skandaloese-loeschung-von-kickl-parlamentsrede\/","title":{"rendered":"Skandal\u00f6se L\u00f6schung von Kickl-Parlamentsrede"},"content":{"rendered":"<h1>YouTube zensiert Parlament<\/h1>\n<p>In seiner gestrigen Rede kritisierte der freiheitliche Klubobmann Herbert Kickl die Regierung scharf f\u00fcr ihre \u201everfehlte\u201c Corona-Politik. Wie immer stellte die FP\u00d6 auch die Rede von Herbert Kickl auf ihrem YouTube-Kanal \u201e\u00d6sterreich Zuerst\u201c online.<\/p>\n<p>Prompt folgte dort die L\u00f6schung durch YouTube wegen angeblicher Verst\u00f6\u00dfe und \u201emedizinischer Fehlinformationen\u201c.<\/p>\n<p>&nbsp;<\/p>\n<div id=\"attachment_8106\" style=\"width: 905px\" class=\"wp-caption alignnone\"><a href=\"https:\/\/zurzeit.at\/wp-content\/uploads\/2021\/01\/Screenshot-Google-Richtlinien.png\" data-rel=\"penci-gallery-image-content\" ><img loading=\"lazy\" decoding=\"async\" aria-describedby=\"caption-attachment-8106\" class=\"wp-image-8106 size-full\" src=\"https:\/\/zurzeit.at\/wp-content\/uploads\/2021\/01\/Screenshot-Google-Richtlinien.png\" alt=\"\" width=\"895\" height=\"834\" srcset=\"https:\/\/zurzeit.at\/wp-content\/uploads\/2021\/01\/Screenshot-Google-Richtlinien.png 895w, https:\/\/zurzeit.at\/wp-content\/uploads\/2021\/01\/Screenshot-Google-Richtlinien-300x280.png 300w, https:\/\/zurzeit.at\/wp-content\/uploads\/2021\/01\/Screenshot-Google-Richtlinien-768x716.png 768w, https:\/\/zurzeit.at\/wp-content\/uploads\/2021\/01\/Screenshot-Google-Richtlinien-585x545.png 585w, https:\/\/zurzeit.at\/wp-content\/uploads\/2021\/01\/Screenshot-Google-Richtlinien-600x559.png 600w\" sizes=\"auto, (max-width: 895px) 100vw, 895px\" \/><\/a><p id=\"caption-attachment-8106\" class=\"wp-caption-text\">Richtlinie zu medizinischen Fehlinformationen \u00fcber COVID-19 von Youtube (Quelle: https:\/\/support.google.com\/youtube\/answer\/9891785?hl=de)<\/p><\/div>\n<p>&nbsp;<\/p>\n<p>Jedoch verstie\u00df Kickl in keinster Weise gegen die Richtlinie. Somit stellt die L\u00f6schung glasklare Zensur von unliebsamen Meinungen dar, noch dazu eines frei gew\u00e4hlten Mandatars. Die FP\u00d6 k\u00fcndigte weitere Schritte an. Interessanterweise ist die Rede aber auf dem <a href=\"https:\/\/youtu.be\/gG60Uo3QuiM\">FP\u00d6-TV-Kanal<\/a> weiterhin online.<\/p>\n<p>[Autor: <a href=\"https:\/\/zurzeit.at\/index.php\/autoren\/\">W.M.<\/a> Bild: Screenshot<a href=\"https:\/\/www.youtube.com\/watch?v=gG60Uo3QuiM\"> &#8222;Youtube, FP\u00d6-TV&#8220; <\/a>L<span class=\"licensetpl_attr\">izenz: &#8211;<\/span>]<\/p>\n","protected":false},"excerpt":{"rendered":"<p>YouTube zensiert Parlament In seiner gestrigen Rede kritisierte der freiheitliche Klubobmann Herbert Kickl die Regierung&hellip;<\/p>\n","protected":false},"author":3,"featured_media":8111,"comment_status":"open","ping_status":"closed","sticky":false,"template":"","format":"standard","meta":{"footnotes":""},"categories":[46],"tags":[3071,93,169,2009,3957,83],"class_list":["post-8103","post","type-post","status-publish","format-standard","has-post-thumbnail","hentry","category-oesterreich","tag-corona","tag-fpoe","tag-kickl","tag-parlament","tag-youtube","tag-zensur"],"yoast_head":"<!-- This site is optimized with the Yoast SEO plugin v28.3 - https:\/\/yoast.com\/product\/yoast-seo-wordpress\/ -->\n<title>Skandal\u00f6se L\u00f6schung von Kickl-Parlamentsrede - ZurZeit<\/title>\n<meta name=\"robots\" content=\"index, follow, max-snippet:-1, max-image-preview:large, max-video-preview:-1\" \/>\n<link rel=\"canonical\" href=\"https:\/\/zurzeit.at\/index.php\/skandaloese-loeschung-von-kickl-parlamentsrede\/\" \/>\n<meta property=\"og:locale\" content=\"de_DE\" \/>\n<meta property=\"og:type\" content=\"article\" \/>\n<meta property=\"og:title\" content=\"Skandal\u00f6se L\u00f6schung von Kickl-Parlamentsrede - ZurZeit\" \/>\n<meta property=\"og:description\" content=\"YouTube zensiert Parlament In seiner gestrigen Rede kritisierte der freiheitliche Klubobmann Herbert Kickl die Regierung&hellip;\" \/>\n<meta property=\"og:url\" content=\"https:\/\/zurzeit.at\/index.php\/skandaloese-loeschung-von-kickl-parlamentsrede\/\" \/>\n<meta property=\"og:site_name\" content=\"ZurZeit\" \/>\n<meta property=\"article:publisher\" content=\"https:\/\/www.facebook.com\/wochenmagazinZurZeit\/\" \/>\n<meta property=\"article:published_time\" content=\"2021-01-14T09:05:15+00:00\" \/>\n<meta property=\"article:modified_time\" content=\"2021-01-14T09:08:32+00:00\" \/>\n<meta property=\"og:image\" content=\"https:\/\/zurzeit.at\/wp-content\/uploads\/2021\/01\/Screenshot-Rede-Kickl1.jpg\" \/>\n\t<meta property=\"og:image:width\" content=\"1074\" \/>\n\t<meta property=\"og:image:height\" content=\"690\" \/>\n\t<meta property=\"og:image:type\" content=\"image\/jpeg\" \/>\n<meta name=\"author\" content=\"admin2\" \/>\n<meta name=\"twitter:card\" content=\"summary_large_image\" \/>\n<meta name=\"twitter:label1\" content=\"Verfasst von\" \/>\n\t<meta name=\"twitter:data1\" content=\"admin2\" \/>\n\t<meta name=\"twitter:label2\" content=\"Gesch\u00e4tzte Lesezeit\" \/>\n\t<meta name=\"twitter:data2\" content=\"1\u00a0Minute\" \/>\n<script type=\"application\/ld+json\" class=\"yoast-schema-graph\">{\"@context\":\"https:\\\/\\\/schema.org\",\"@graph\":[{\"@type\":\"Article\",\"@id\":\"https:\\\/\\\/zurzeit.at\\\/index.php\\\/skandaloese-loeschung-von-kickl-parlamentsrede\\\/#article\",\"isPartOf\":{\"@id\":\"https:\\\/\\\/zurzeit.at\\\/index.php\\\/skandaloese-loeschung-von-kickl-parlamentsrede\\\/\"},\"author\":{\"name\":\"admin2\",\"@id\":\"https:\\\/\\\/zurzeit.at\\\/#\\\/schema\\\/person\\\/e6f4284c4ffdba25c26f295806088e37\"},\"headline\":\"Skandal\u00f6se L\u00f6schung von Kickl-Parlamentsrede\",\"datePublished\":\"2021-01-14T09:05:15+00:00\",\"dateModified\":\"2021-01-14T09:08:32+00:00\",\"mainEntityOfPage\":{\"@id\":\"https:\\\/\\\/zurzeit.at\\\/index.php\\\/skandaloese-loeschung-von-kickl-parlamentsrede\\\/\"},\"wordCount\":140,\"commentCount\":0,\"image\":{\"@id\":\"https:\\\/\\\/zurzeit.at\\\/index.php\\\/skandaloese-loeschung-von-kickl-parlamentsrede\\\/#primaryimage\"},\"thumbnailUrl\":\"https:\\\/\\\/zurzeit.at\\\/wp-content\\\/uploads\\\/2021\\\/01\\\/Screenshot-Rede-Kickl1.jpg\",\"keywords\":[\"Corona\",\"FP\u00d6\",\"Kickl\",\"Parlament\",\"YouTube\",\"Zensur\"],\"articleSection\":[\"\u00d6sterreich\"],\"inLanguage\":\"de\",\"potentialAction\":[{\"@type\":\"CommentAction\",\"name\":\"Comment\",\"target\":[\"https:\\\/\\\/zurzeit.at\\\/index.php\\\/skandaloese-loeschung-von-kickl-parlamentsrede\\\/#respond\"]}]},{\"@type\":\"WebPage\",\"@id\":\"https:\\\/\\\/zurzeit.at\\\/index.php\\\/skandaloese-loeschung-von-kickl-parlamentsrede\\\/\",\"url\":\"https:\\\/\\\/zurzeit.at\\\/index.php\\\/skandaloese-loeschung-von-kickl-parlamentsrede\\\/\",\"name\":\"Skandal\u00f6se L\u00f6schung von Kickl-Parlamentsrede - ZurZeit\",\"isPartOf\":{\"@id\":\"https:\\\/\\\/zurzeit.at\\\/#website\"},\"primaryImageOfPage\":{\"@id\":\"https:\\\/\\\/zurzeit.at\\\/index.php\\\/skandaloese-loeschung-von-kickl-parlamentsrede\\\/#primaryimage\"},\"image\":{\"@id\":\"https:\\\/\\\/zurzeit.at\\\/index.php\\\/skandaloese-loeschung-von-kickl-parlamentsrede\\\/#primaryimage\"},\"thumbnailUrl\":\"https:\\\/\\\/zurzeit.at\\\/wp-content\\\/uploads\\\/2021\\\/01\\\/Screenshot-Rede-Kickl1.jpg\",\"datePublished\":\"2021-01-14T09:05:15+00:00\",\"dateModified\":\"2021-01-14T09:08:32+00:00\",\"author\":{\"@id\":\"https:\\\/\\\/zurzeit.at\\\/#\\\/schema\\\/person\\\/e6f4284c4ffdba25c26f295806088e37\"},\"breadcrumb\":{\"@id\":\"https:\\\/\\\/zurzeit.at\\\/index.php\\\/skandaloese-loeschung-von-kickl-parlamentsrede\\\/#breadcrumb\"},\"inLanguage\":\"de\",\"potentialAction\":[{\"@type\":\"ReadAction\",\"target\":[\"https:\\\/\\\/zurzeit.at\\\/index.php\\\/skandaloese-loeschung-von-kickl-parlamentsrede\\\/\"]}]},{\"@type\":\"ImageObject\",\"inLanguage\":\"de\",\"@id\":\"https:\\\/\\\/zurzeit.at\\\/index.php\\\/skandaloese-loeschung-von-kickl-parlamentsrede\\\/#primaryimage\",\"url\":\"https:\\\/\\\/zurzeit.at\\\/wp-content\\\/uploads\\\/2021\\\/01\\\/Screenshot-Rede-Kickl1.jpg\",\"contentUrl\":\"https:\\\/\\\/zurzeit.at\\\/wp-content\\\/uploads\\\/2021\\\/01\\\/Screenshot-Rede-Kickl1.jpg\",\"width\":1074,\"height\":690},{\"@type\":\"BreadcrumbList\",\"@id\":\"https:\\\/\\\/zurzeit.at\\\/index.php\\\/skandaloese-loeschung-von-kickl-parlamentsrede\\\/#breadcrumb\",\"itemListElement\":[{\"@type\":\"ListItem\",\"position\":1,\"name\":\"Startseite\",\"item\":\"https:\\\/\\\/zurzeit.at\\\/\"},{\"@type\":\"ListItem\",\"position\":2,\"name\":\"Skandal\u00f6se L\u00f6schung von Kickl-Parlamentsrede\"}]},{\"@type\":\"WebSite\",\"@id\":\"https:\\\/\\\/zurzeit.at\\\/#website\",\"url\":\"https:\\\/\\\/zurzeit.at\\\/\",\"name\":\"ZurZeit\",\"description\":\"Internetseite des Wochenmagazins ZurZeit\",\"potentialAction\":[{\"@type\":\"SearchAction\",\"target\":{\"@type\":\"EntryPoint\",\"urlTemplate\":\"https:\\\/\\\/zurzeit.at\\\/?s={search_term_string}\"},\"query-input\":{\"@type\":\"PropertyValueSpecification\",\"valueRequired\":true,\"valueName\":\"search_term_string\"}}],\"inLanguage\":\"de\"},{\"@type\":\"Person\",\"@id\":\"https:\\\/\\\/zurzeit.at\\\/#\\\/schema\\\/person\\\/e6f4284c4ffdba25c26f295806088e37\",\"name\":\"admin2\",\"image\":{\"@type\":\"ImageObject\",\"inLanguage\":\"de\",\"@id\":\"https:\\\/\\\/secure.gravatar.com\\\/avatar\\\/6b01edb108b3f79fc8950358251ecf3b91c228e319139ad1beec43b6b1b16470?s=96&d=mm&r=g\",\"url\":\"https:\\\/\\\/secure.gravatar.com\\\/avatar\\\/6b01edb108b3f79fc8950358251ecf3b91c228e319139ad1beec43b6b1b16470?s=96&d=mm&r=g\",\"contentUrl\":\"https:\\\/\\\/secure.gravatar.com\\\/avatar\\\/6b01edb108b3f79fc8950358251ecf3b91c228e319139ad1beec43b6b1b16470?s=96&d=mm&r=g\",\"caption\":\"admin2\"},\"url\":\"https:\\\/\\\/zurzeit.at\\\/index.php\\\/author\\\/admin2\\\/\"}]}<\/script>\n<!-- \/ Yoast SEO plugin. -->","yoast_head_json":{"title":"Skandal\u00f6se L\u00f6schung von Kickl-Parlamentsrede - ZurZeit","robots":{"index":"index","follow":"follow","max-snippet":"max-snippet:-1","max-image-preview":"max-image-preview:large","max-video-preview":"max-video-preview:-1"},"canonical":"https:\/\/zurzeit.at\/index.php\/skandaloese-loeschung-von-kickl-parlamentsrede\/","og_locale":"de_DE","og_type":"article","og_title":"Skandal\u00f6se L\u00f6schung von Kickl-Parlamentsrede - ZurZeit","og_description":"YouTube zensiert Parlament In seiner gestrigen Rede kritisierte der freiheitliche Klubobmann Herbert Kickl die Regierung&hellip;","og_url":"https:\/\/zurzeit.at\/index.php\/skandaloese-loeschung-von-kickl-parlamentsrede\/","og_site_name":"ZurZeit","article_publisher":"https:\/\/www.facebook.com\/wochenmagazinZurZeit\/","article_published_time":"2021-01-14T09:05:15+00:00","article_modified_time":"2021-01-14T09:08:32+00:00","og_image":[{"width":1074,"height":690,"url":"https:\/\/zurzeit.at\/wp-content\/uploads\/2021\/01\/Screenshot-Rede-Kickl1.jpg","type":"image\/jpeg"}],"author":"admin2","twitter_card":"summary_large_image","twitter_misc":{"Verfasst von":"admin2","Gesch\u00e4tzte Lesezeit":"1\u00a0Minute"},"schema":{"@context":"https:\/\/schema.org","@graph":[{"@type":"Article","@id":"https:\/\/zurzeit.at\/index.php\/skandaloese-loeschung-von-kickl-parlamentsrede\/#article","isPartOf":{"@id":"https:\/\/zurzeit.at\/index.php\/skandaloese-loeschung-von-kickl-parlamentsrede\/"},"author":{"name":"admin2","@id":"https:\/\/zurzeit.at\/#\/schema\/person\/e6f4284c4ffdba25c26f295806088e37"},"headline":"Skandal\u00f6se L\u00f6schung von Kickl-Parlamentsrede","datePublished":"2021-01-14T09:05:15+00:00","dateModified":"2021-01-14T09:08:32+00:00","mainEntityOfPage":{"@id":"https:\/\/zurzeit.at\/index.php\/skandaloese-loeschung-von-kickl-parlamentsrede\/"},"wordCount":140,"commentCount":0,"image":{"@id":"https:\/\/zurzeit.at\/index.php\/skandaloese-loeschung-von-kickl-parlamentsrede\/#primaryimage"},"thumbnailUrl":"https:\/\/zurzeit.at\/wp-content\/uploads\/2021\/01\/Screenshot-Rede-Kickl1.jpg","keywords":["Corona","FP\u00d6","Kickl","Parlament","YouTube","Zensur"],"articleSection":["\u00d6sterreich"],"inLanguage":"de","potentialAction":[{"@type":"CommentAction","name":"Comment","target":["https:\/\/zurzeit.at\/index.php\/skandaloese-loeschung-von-kickl-parlamentsrede\/#respond"]}]},{"@type":"WebPage","@id":"https:\/\/zurzeit.at\/index.php\/skandaloese-loeschung-von-kickl-parlamentsrede\/","url":"https:\/\/zurzeit.at\/index.php\/skandaloese-loeschung-von-kickl-parlamentsrede\/","name":"Skandal\u00f6se L\u00f6schung von Kickl-Parlamentsrede - ZurZeit","isPartOf":{"@id":"https:\/\/zurzeit.at\/#website"},"primaryImageOfPage":{"@id":"https:\/\/zurzeit.at\/index.php\/skandaloese-loeschung-von-kickl-parlamentsrede\/#primaryimage"},"image":{"@id":"https:\/\/zurzeit.at\/index.php\/skandaloese-loeschung-von-kickl-parlamentsrede\/#primaryimage"},"thumbnailUrl":"https:\/\/zurzeit.at\/wp-content\/uploads\/2021\/01\/Screenshot-Rede-Kickl1.jpg","datePublished":"2021-01-14T09:05:15+00:00","dateModified":"2021-01-14T09:08:32+00:00","author":{"@id":"https:\/\/zurzeit.at\/#\/schema\/person\/e6f4284c4ffdba25c26f295806088e37"},"breadcrumb":{"@id":"https:\/\/zurzeit.at\/index.php\/skandaloese-loeschung-von-kickl-parlamentsrede\/#breadcrumb"},"inLanguage":"de","potentialAction":[{"@type":"ReadAction","target":["https:\/\/zurzeit.at\/index.php\/skandaloese-loeschung-von-kickl-parlamentsrede\/"]}]},{"@type":"ImageObject","inLanguage":"de","@id":"https:\/\/zurzeit.at\/index.php\/skandaloese-loeschung-von-kickl-parlamentsrede\/#primaryimage","url":"https:\/\/zurzeit.at\/wp-content\/uploads\/2021\/01\/Screenshot-Rede-Kickl1.jpg","contentUrl":"https:\/\/zurzeit.at\/wp-content\/uploads\/2021\/01\/Screenshot-Rede-Kickl1.jpg","width":1074,"height":690},{"@type":"BreadcrumbList","@id":"https:\/\/zurzeit.at\/index.php\/skandaloese-loeschung-von-kickl-parlamentsrede\/#breadcrumb","itemListElement":[{"@type":"ListItem","position":1,"name":"Startseite","item":"https:\/\/zurzeit.at\/"},{"@type":"ListItem","position":2,"name":"Skandal\u00f6se L\u00f6schung von Kickl-Parlamentsrede"}]},{"@type":"WebSite","@id":"https:\/\/zurzeit.at\/#website","url":"https:\/\/zurzeit.at\/","name":"ZurZeit","description":"Internetseite des Wochenmagazins ZurZeit","potentialAction":[{"@type":"SearchAction","target":{"@type":"EntryPoint","urlTemplate":"https:\/\/zurzeit.at\/?s={search_term_string}"},"query-input":{"@type":"PropertyValueSpecification","valueRequired":true,"valueName":"search_term_string"}}],"inLanguage":"de"},{"@type":"Person","@id":"https:\/\/zurzeit.at\/#\/schema\/person\/e6f4284c4ffdba25c26f295806088e37","name":"admin2","image":{"@type":"ImageObject","inLanguage":"de","@id":"https:\/\/secure.gravatar.com\/avatar\/6b01edb108b3f79fc8950358251ecf3b91c228e319139ad1beec43b6b1b16470?s=96&d=mm&r=g","url":"https:\/\/secure.gravatar.com\/avatar\/6b01edb108b3f79fc8950358251ecf3b91c228e319139ad1beec43b6b1b16470?s=96&d=mm&r=g","contentUrl":"https:\/\/secure.gravatar.com\/avatar\/6b01edb108b3f79fc8950358251ecf3b91c228e319139ad1beec43b6b1b16470?s=96&d=mm&r=g","caption":"admin2"},"url":"https:\/\/zurzeit.at\/index.php\/author\/admin2\/"}]}},"_links":{"self":[{"href":"https:\/\/zurzeit.at\/index.php\/wp-json\/wp\/v2\/posts\/8103","targetHints":{"allow":["GET"]}}],"collection":[{"href":"https:\/\/zurzeit.at\/index.php\/wp-json\/wp\/v2\/posts"}],"about":[{"href":"https:\/\/zurzeit.at\/index.php\/wp-json\/wp\/v2\/types\/post"}],"author":[{"embeddable":true,"href":"https:\/\/zurzeit.at\/index.php\/wp-json\/wp\/v2\/users\/3"}],"replies":[{"embeddable":true,"href":"https:\/\/zurzeit.at\/index.php\/wp-json\/wp\/v2\/comments?post=8103"}],"version-history":[{"count":1,"href":"https:\/\/zurzeit.at\/index.php\/wp-json\/wp\/v2\/posts\/8103\/revisions"}],"predecessor-version":[{"id":8108,"href":"https:\/\/zurzeit.at\/index.php\/wp-json\/wp\/v2\/posts\/8103\/revisions\/8108"}],"wp:featuredmedia":[{"embeddable":true,"href":"https:\/\/zurzeit.at\/index.php\/wp-json\/wp\/v2\/media\/8111"}],"wp:attachment":[{"href":"https:\/\/zurzeit.at\/index.php\/wp-json\/wp\/v2\/media?parent=8103"}],"wp:term":[{"taxonomy":"category","embeddable":true,"href":"https:\/\/zurzeit.at\/index.php\/wp-json\/wp\/v2\/categories?post=8103"},{"taxonomy":"post_tag","embeddable":true,"href":"https:\/\/zurzeit.at\/index.php\/wp-json\/wp\/v2\/tags?post=8103"}],"curies":[{"name":"wp","href":"https:\/\/api.w.org\/{rel}","templated":true}]}}