{"id":8845,"date":"2021-03-24T12:46:11","date_gmt":"2021-03-24T11:46:11","guid":{"rendered":"http:\/\/zurzeit.at\/?p=8845"},"modified":"2021-03-24T12:46:11","modified_gmt":"2021-03-24T11:46:11","slug":"ungarns-aussenminister-kritisiert-doppelte-massstaebe-der-eu-bei-menschenrechtsverletzungen","status":"publish","type":"post","link":"https:\/\/zurzeit.at\/index.php\/ungarns-aussenminister-kritisiert-doppelte-massstaebe-der-eu-bei-menschenrechtsverletzungen\/","title":{"rendered":"Ungarns Au\u00dfenminister kritisiert doppelte Ma\u00dfst\u00e4be der EU bei Menschenrechtsverletzungen"},"content":{"rendered":"<h1>Peter Szijjarto: Sanktionen gegen China und Myanmar sind sinnlos<\/h1>\n<p>Die EU hat Sanktionen gegen Vertreter Chinas wegen angeblicher Menschenrechtsverletzungen gegen\u00fcber der Minderheit der moslemischen Uiguren sowie gegen Vertreter Myanmars wegen des Milit\u00e4rputsches am 1. Februar verh\u00e4ngt. F\u00fcr den ungarischen Au\u00dfenminister sind die verh\u00e4ngten Sanktionen angesichts der Notwendigkeit st\u00e4rkerer globaler Beziehungen der falsche Schritt.<\/p>\n<p>Gegen\u00fcber Reportern erkl\u00e4rte Peter Szijjarto: \u201eEine solche Entscheidung von strategischer Bedeutung ist besonders in einer Zeit sinnlos, in der die Bedeutung der internationalen Zusammenarbeit enorm zunimmt.\u201c Au\u00dferdem wies Ungarns Chefdiplomat auf die offenkundigen doppelten Ma\u00dfst\u00e4be der EU in Sachen Menschenrechte hin.<\/p>\n<p>Szijjarto schlug vor, dass sich die EU auch um die mutma\u00dflichen Menschenrechtsverletzungen in der Ukraine gegen\u00fcber der ungarischen Minderheit k\u00fcmmern soll. In der Region Transkarpatien leben rund 150.000 ethnische Magyaren. Immer wieder gibt es Klagen, dass sie unterdr\u00fcckt werden, etwa, dass sie ihre Muttersprache nicht verwenden und ihre Kultur nicht leben d\u00fcrfen. In Bezug auf seine Landsleute in der Ukraine sagte Szijjarto, \u201ewir erwarten sowohl von der UNO aus auch von der Europ\u00e4ischen Union, in dieser Frage mindestens genauso laut sind wie sie es sind, wenn es um angebliche oder tats\u00e4chliche Menschenrechtsverletzungen tausende Meilen entfernt geht.\u201c<\/p>\n<p>An der Sanktionspolitik der EU ist ein Punkt besonders auff\u00e4llig. China ist der gr\u00f6\u00dfte geopolitische Rivale der USA, und Myanmar wiederum spielt f\u00fcr das chinesische Projekt der Neuen Seidenstra\u00dfe eine besonders gro\u00dfe Bedeutung. Umgekehrt hat sich die Ukraine seit dem Maidan-Putsch Anfang 2014 zu einem Vasallenstaat der USA entwickelt.<\/p>\n<p>[Autor: <a href=\"https:\/\/zurzeit.at\/index.php\/autoren\/\">B.T.<\/a> Bild:<a href=\"https:\/\/commons.wikimedia.org\/wiki\/File:Secretary_Pompeo_Participates_in_a_Joint_Presser_-_46151931635.jpg\"> Wikipedia\/U.S. Department of State<\/a> L<span class=\"licensetpl_attr\">izenz: <\/span>-]<\/p>\n","protected":false},"excerpt":{"rendered":"<p>Peter Szijjarto: Sanktionen gegen China und Myanmar sind sinnlos Die EU hat Sanktionen gegen Vertreter&hellip;<\/p>\n","protected":false},"author":3,"featured_media":8846,"comment_status":"open","ping_status":"closed","sticky":false,"template":"","format":"standard","meta":{"footnotes":""},"categories":[48],"tags":[802,89,5690,235,2964,5689,2580,1007,319,178],"class_list":["post-8845","post","type-post","status-publish","format-standard","has-post-thumbnail","hentry","category-europa","tag-china","tag-eu","tag-magyaren","tag-menschenrechte","tag-minderheiten","tag-myanmar","tag-peter-szijjarto","tag-sanktionen","tag-ukraine","tag-ungarn"],"yoast_head":"<!-- This site is optimized with the Yoast SEO plugin v28.3 - https:\/\/yoast.com\/product\/yoast-seo-wordpress\/ -->\n<title>Ungarns Au\u00dfenminister kritisiert doppelte Ma\u00dfst\u00e4be der EU bei Menschenrechtsverletzungen - ZurZeit<\/title>\n<meta name=\"robots\" content=\"index, follow, max-snippet:-1, max-image-preview:large, max-video-preview:-1\" \/>\n<link rel=\"canonical\" href=\"https:\/\/zurzeit.at\/index.php\/ungarns-aussenminister-kritisiert-doppelte-massstaebe-der-eu-bei-menschenrechtsverletzungen\/\" \/>\n<meta property=\"og:locale\" content=\"de_DE\" \/>\n<meta property=\"og:type\" content=\"article\" \/>\n<meta property=\"og:title\" content=\"Ungarns Au\u00dfenminister kritisiert doppelte Ma\u00dfst\u00e4be der EU bei Menschenrechtsverletzungen - ZurZeit\" \/>\n<meta property=\"og:description\" content=\"Peter Szijjarto: Sanktionen gegen China und Myanmar sind sinnlos Die EU hat Sanktionen gegen Vertreter&hellip;\" \/>\n<meta property=\"og:url\" content=\"https:\/\/zurzeit.at\/index.php\/ungarns-aussenminister-kritisiert-doppelte-massstaebe-der-eu-bei-menschenrechtsverletzungen\/\" \/>\n<meta property=\"og:site_name\" content=\"ZurZeit\" \/>\n<meta property=\"article:publisher\" content=\"https:\/\/www.facebook.com\/wochenmagazinZurZeit\/\" \/>\n<meta property=\"article:published_time\" content=\"2021-03-24T11:46:11+00:00\" \/>\n<meta property=\"og:image\" content=\"https:\/\/zurzeit.at\/wp-content\/uploads\/2021\/03\/1280px-Secretary_Pompeo_Participates_in_a_Joint_Presser_-_46151931635.jpg\" \/>\n\t<meta property=\"og:image:width\" content=\"1280\" \/>\n\t<meta property=\"og:image:height\" content=\"853\" \/>\n\t<meta property=\"og:image:type\" content=\"image\/jpeg\" \/>\n<meta name=\"author\" content=\"admin2\" \/>\n<meta name=\"twitter:card\" content=\"summary_large_image\" \/>\n<meta name=\"twitter:label1\" content=\"Verfasst von\" \/>\n\t<meta name=\"twitter:data1\" content=\"admin2\" \/>\n\t<meta name=\"twitter:label2\" content=\"Gesch\u00e4tzte Lesezeit\" \/>\n\t<meta name=\"twitter:data2\" content=\"1\u00a0Minute\" \/>\n<script type=\"application\/ld+json\" class=\"yoast-schema-graph\">{\"@context\":\"https:\\\/\\\/schema.org\",\"@graph\":[{\"@type\":\"Article\",\"@id\":\"https:\\\/\\\/zurzeit.at\\\/index.php\\\/ungarns-aussenminister-kritisiert-doppelte-massstaebe-der-eu-bei-menschenrechtsverletzungen\\\/#article\",\"isPartOf\":{\"@id\":\"https:\\\/\\\/zurzeit.at\\\/index.php\\\/ungarns-aussenminister-kritisiert-doppelte-massstaebe-der-eu-bei-menschenrechtsverletzungen\\\/\"},\"author\":{\"name\":\"admin2\",\"@id\":\"https:\\\/\\\/zurzeit.at\\\/#\\\/schema\\\/person\\\/e6f4284c4ffdba25c26f295806088e37\"},\"headline\":\"Ungarns Au\u00dfenminister kritisiert doppelte Ma\u00dfst\u00e4be der EU bei Menschenrechtsverletzungen\",\"datePublished\":\"2021-03-24T11:46:11+00:00\",\"mainEntityOfPage\":{\"@id\":\"https:\\\/\\\/zurzeit.at\\\/index.php\\\/ungarns-aussenminister-kritisiert-doppelte-massstaebe-der-eu-bei-menschenrechtsverletzungen\\\/\"},\"wordCount\":284,\"commentCount\":0,\"image\":{\"@id\":\"https:\\\/\\\/zurzeit.at\\\/index.php\\\/ungarns-aussenminister-kritisiert-doppelte-massstaebe-der-eu-bei-menschenrechtsverletzungen\\\/#primaryimage\"},\"thumbnailUrl\":\"https:\\\/\\\/zurzeit.at\\\/wp-content\\\/uploads\\\/2021\\\/03\\\/1280px-Secretary_Pompeo_Participates_in_a_Joint_Presser_-_46151931635.jpg\",\"keywords\":[\"China\",\"EU\",\"Magyaren\",\"Menschenrechte\",\"Minderheiten\",\"Myanmar\",\"P\u00e9ter Szijj\u00e1rt\u00f3\",\"Sanktionen\",\"Ukraine\",\"Ungarn\"],\"articleSection\":[\"Europa\"],\"inLanguage\":\"de\",\"potentialAction\":[{\"@type\":\"CommentAction\",\"name\":\"Comment\",\"target\":[\"https:\\\/\\\/zurzeit.at\\\/index.php\\\/ungarns-aussenminister-kritisiert-doppelte-massstaebe-der-eu-bei-menschenrechtsverletzungen\\\/#respond\"]}]},{\"@type\":\"WebPage\",\"@id\":\"https:\\\/\\\/zurzeit.at\\\/index.php\\\/ungarns-aussenminister-kritisiert-doppelte-massstaebe-der-eu-bei-menschenrechtsverletzungen\\\/\",\"url\":\"https:\\\/\\\/zurzeit.at\\\/index.php\\\/ungarns-aussenminister-kritisiert-doppelte-massstaebe-der-eu-bei-menschenrechtsverletzungen\\\/\",\"name\":\"Ungarns Au\u00dfenminister kritisiert doppelte Ma\u00dfst\u00e4be der EU bei Menschenrechtsverletzungen - ZurZeit\",\"isPartOf\":{\"@id\":\"https:\\\/\\\/zurzeit.at\\\/#website\"},\"primaryImageOfPage\":{\"@id\":\"https:\\\/\\\/zurzeit.at\\\/index.php\\\/ungarns-aussenminister-kritisiert-doppelte-massstaebe-der-eu-bei-menschenrechtsverletzungen\\\/#primaryimage\"},\"image\":{\"@id\":\"https:\\\/\\\/zurzeit.at\\\/index.php\\\/ungarns-aussenminister-kritisiert-doppelte-massstaebe-der-eu-bei-menschenrechtsverletzungen\\\/#primaryimage\"},\"thumbnailUrl\":\"https:\\\/\\\/zurzeit.at\\\/wp-content\\\/uploads\\\/2021\\\/03\\\/1280px-Secretary_Pompeo_Participates_in_a_Joint_Presser_-_46151931635.jpg\",\"datePublished\":\"2021-03-24T11:46:11+00:00\",\"author\":{\"@id\":\"https:\\\/\\\/zurzeit.at\\\/#\\\/schema\\\/person\\\/e6f4284c4ffdba25c26f295806088e37\"},\"breadcrumb\":{\"@id\":\"https:\\\/\\\/zurzeit.at\\\/index.php\\\/ungarns-aussenminister-kritisiert-doppelte-massstaebe-der-eu-bei-menschenrechtsverletzungen\\\/#breadcrumb\"},\"inLanguage\":\"de\",\"potentialAction\":[{\"@type\":\"ReadAction\",\"target\":[\"https:\\\/\\\/zurzeit.at\\\/index.php\\\/ungarns-aussenminister-kritisiert-doppelte-massstaebe-der-eu-bei-menschenrechtsverletzungen\\\/\"]}]},{\"@type\":\"ImageObject\",\"inLanguage\":\"de\",\"@id\":\"https:\\\/\\\/zurzeit.at\\\/index.php\\\/ungarns-aussenminister-kritisiert-doppelte-massstaebe-der-eu-bei-menschenrechtsverletzungen\\\/#primaryimage\",\"url\":\"https:\\\/\\\/zurzeit.at\\\/wp-content\\\/uploads\\\/2021\\\/03\\\/1280px-Secretary_Pompeo_Participates_in_a_Joint_Presser_-_46151931635.jpg\",\"contentUrl\":\"https:\\\/\\\/zurzeit.at\\\/wp-content\\\/uploads\\\/2021\\\/03\\\/1280px-Secretary_Pompeo_Participates_in_a_Joint_Presser_-_46151931635.jpg\",\"width\":1280,\"height\":853},{\"@type\":\"BreadcrumbList\",\"@id\":\"https:\\\/\\\/zurzeit.at\\\/index.php\\\/ungarns-aussenminister-kritisiert-doppelte-massstaebe-der-eu-bei-menschenrechtsverletzungen\\\/#breadcrumb\",\"itemListElement\":[{\"@type\":\"ListItem\",\"position\":1,\"name\":\"Startseite\",\"item\":\"https:\\\/\\\/zurzeit.at\\\/\"},{\"@type\":\"ListItem\",\"position\":2,\"name\":\"Ungarns Au\u00dfenminister kritisiert doppelte Ma\u00dfst\u00e4be der EU bei Menschenrechtsverletzungen\"}]},{\"@type\":\"WebSite\",\"@id\":\"https:\\\/\\\/zurzeit.at\\\/#website\",\"url\":\"https:\\\/\\\/zurzeit.at\\\/\",\"name\":\"ZurZeit\",\"description\":\"Internetseite des Wochenmagazins ZurZeit\",\"potentialAction\":[{\"@type\":\"SearchAction\",\"target\":{\"@type\":\"EntryPoint\",\"urlTemplate\":\"https:\\\/\\\/zurzeit.at\\\/?s={search_term_string}\"},\"query-input\":{\"@type\":\"PropertyValueSpecification\",\"valueRequired\":true,\"valueName\":\"search_term_string\"}}],\"inLanguage\":\"de\"},{\"@type\":\"Person\",\"@id\":\"https:\\\/\\\/zurzeit.at\\\/#\\\/schema\\\/person\\\/e6f4284c4ffdba25c26f295806088e37\",\"name\":\"admin2\",\"image\":{\"@type\":\"ImageObject\",\"inLanguage\":\"de\",\"@id\":\"https:\\\/\\\/secure.gravatar.com\\\/avatar\\\/6b01edb108b3f79fc8950358251ecf3b91c228e319139ad1beec43b6b1b16470?s=96&d=mm&r=g\",\"url\":\"https:\\\/\\\/secure.gravatar.com\\\/avatar\\\/6b01edb108b3f79fc8950358251ecf3b91c228e319139ad1beec43b6b1b16470?s=96&d=mm&r=g\",\"contentUrl\":\"https:\\\/\\\/secure.gravatar.com\\\/avatar\\\/6b01edb108b3f79fc8950358251ecf3b91c228e319139ad1beec43b6b1b16470?s=96&d=mm&r=g\",\"caption\":\"admin2\"},\"url\":\"https:\\\/\\\/zurzeit.at\\\/index.php\\\/author\\\/admin2\\\/\"}]}<\/script>\n<!-- \/ Yoast SEO plugin. -->","yoast_head_json":{"title":"Ungarns Au\u00dfenminister kritisiert doppelte Ma\u00dfst\u00e4be der EU bei Menschenrechtsverletzungen - ZurZeit","robots":{"index":"index","follow":"follow","max-snippet":"max-snippet:-1","max-image-preview":"max-image-preview:large","max-video-preview":"max-video-preview:-1"},"canonical":"https:\/\/zurzeit.at\/index.php\/ungarns-aussenminister-kritisiert-doppelte-massstaebe-der-eu-bei-menschenrechtsverletzungen\/","og_locale":"de_DE","og_type":"article","og_title":"Ungarns Au\u00dfenminister kritisiert doppelte Ma\u00dfst\u00e4be der EU bei Menschenrechtsverletzungen - ZurZeit","og_description":"Peter Szijjarto: Sanktionen gegen China und Myanmar sind sinnlos Die EU hat Sanktionen gegen Vertreter&hellip;","og_url":"https:\/\/zurzeit.at\/index.php\/ungarns-aussenminister-kritisiert-doppelte-massstaebe-der-eu-bei-menschenrechtsverletzungen\/","og_site_name":"ZurZeit","article_publisher":"https:\/\/www.facebook.com\/wochenmagazinZurZeit\/","article_published_time":"2021-03-24T11:46:11+00:00","og_image":[{"width":1280,"height":853,"url":"https:\/\/zurzeit.at\/wp-content\/uploads\/2021\/03\/1280px-Secretary_Pompeo_Participates_in_a_Joint_Presser_-_46151931635.jpg","type":"image\/jpeg"}],"author":"admin2","twitter_card":"summary_large_image","twitter_misc":{"Verfasst von":"admin2","Gesch\u00e4tzte Lesezeit":"1\u00a0Minute"},"schema":{"@context":"https:\/\/schema.org","@graph":[{"@type":"Article","@id":"https:\/\/zurzeit.at\/index.php\/ungarns-aussenminister-kritisiert-doppelte-massstaebe-der-eu-bei-menschenrechtsverletzungen\/#article","isPartOf":{"@id":"https:\/\/zurzeit.at\/index.php\/ungarns-aussenminister-kritisiert-doppelte-massstaebe-der-eu-bei-menschenrechtsverletzungen\/"},"author":{"name":"admin2","@id":"https:\/\/zurzeit.at\/#\/schema\/person\/e6f4284c4ffdba25c26f295806088e37"},"headline":"Ungarns Au\u00dfenminister kritisiert doppelte Ma\u00dfst\u00e4be der EU bei Menschenrechtsverletzungen","datePublished":"2021-03-24T11:46:11+00:00","mainEntityOfPage":{"@id":"https:\/\/zurzeit.at\/index.php\/ungarns-aussenminister-kritisiert-doppelte-massstaebe-der-eu-bei-menschenrechtsverletzungen\/"},"wordCount":284,"commentCount":0,"image":{"@id":"https:\/\/zurzeit.at\/index.php\/ungarns-aussenminister-kritisiert-doppelte-massstaebe-der-eu-bei-menschenrechtsverletzungen\/#primaryimage"},"thumbnailUrl":"https:\/\/zurzeit.at\/wp-content\/uploads\/2021\/03\/1280px-Secretary_Pompeo_Participates_in_a_Joint_Presser_-_46151931635.jpg","keywords":["China","EU","Magyaren","Menschenrechte","Minderheiten","Myanmar","P\u00e9ter Szijj\u00e1rt\u00f3","Sanktionen","Ukraine","Ungarn"],"articleSection":["Europa"],"inLanguage":"de","potentialAction":[{"@type":"CommentAction","name":"Comment","target":["https:\/\/zurzeit.at\/index.php\/ungarns-aussenminister-kritisiert-doppelte-massstaebe-der-eu-bei-menschenrechtsverletzungen\/#respond"]}]},{"@type":"WebPage","@id":"https:\/\/zurzeit.at\/index.php\/ungarns-aussenminister-kritisiert-doppelte-massstaebe-der-eu-bei-menschenrechtsverletzungen\/","url":"https:\/\/zurzeit.at\/index.php\/ungarns-aussenminister-kritisiert-doppelte-massstaebe-der-eu-bei-menschenrechtsverletzungen\/","name":"Ungarns Au\u00dfenminister kritisiert doppelte Ma\u00dfst\u00e4be der EU bei Menschenrechtsverletzungen - ZurZeit","isPartOf":{"@id":"https:\/\/zurzeit.at\/#website"},"primaryImageOfPage":{"@id":"https:\/\/zurzeit.at\/index.php\/ungarns-aussenminister-kritisiert-doppelte-massstaebe-der-eu-bei-menschenrechtsverletzungen\/#primaryimage"},"image":{"@id":"https:\/\/zurzeit.at\/index.php\/ungarns-aussenminister-kritisiert-doppelte-massstaebe-der-eu-bei-menschenrechtsverletzungen\/#primaryimage"},"thumbnailUrl":"https:\/\/zurzeit.at\/wp-content\/uploads\/2021\/03\/1280px-Secretary_Pompeo_Participates_in_a_Joint_Presser_-_46151931635.jpg","datePublished":"2021-03-24T11:46:11+00:00","author":{"@id":"https:\/\/zurzeit.at\/#\/schema\/person\/e6f4284c4ffdba25c26f295806088e37"},"breadcrumb":{"@id":"https:\/\/zurzeit.at\/index.php\/ungarns-aussenminister-kritisiert-doppelte-massstaebe-der-eu-bei-menschenrechtsverletzungen\/#breadcrumb"},"inLanguage":"de","potentialAction":[{"@type":"ReadAction","target":["https:\/\/zurzeit.at\/index.php\/ungarns-aussenminister-kritisiert-doppelte-massstaebe-der-eu-bei-menschenrechtsverletzungen\/"]}]},{"@type":"ImageObject","inLanguage":"de","@id":"https:\/\/zurzeit.at\/index.php\/ungarns-aussenminister-kritisiert-doppelte-massstaebe-der-eu-bei-menschenrechtsverletzungen\/#primaryimage","url":"https:\/\/zurzeit.at\/wp-content\/uploads\/2021\/03\/1280px-Secretary_Pompeo_Participates_in_a_Joint_Presser_-_46151931635.jpg","contentUrl":"https:\/\/zurzeit.at\/wp-content\/uploads\/2021\/03\/1280px-Secretary_Pompeo_Participates_in_a_Joint_Presser_-_46151931635.jpg","width":1280,"height":853},{"@type":"BreadcrumbList","@id":"https:\/\/zurzeit.at\/index.php\/ungarns-aussenminister-kritisiert-doppelte-massstaebe-der-eu-bei-menschenrechtsverletzungen\/#breadcrumb","itemListElement":[{"@type":"ListItem","position":1,"name":"Startseite","item":"https:\/\/zurzeit.at\/"},{"@type":"ListItem","position":2,"name":"Ungarns Au\u00dfenminister kritisiert doppelte Ma\u00dfst\u00e4be der EU bei Menschenrechtsverletzungen"}]},{"@type":"WebSite","@id":"https:\/\/zurzeit.at\/#website","url":"https:\/\/zurzeit.at\/","name":"ZurZeit","description":"Internetseite des Wochenmagazins ZurZeit","potentialAction":[{"@type":"SearchAction","target":{"@type":"EntryPoint","urlTemplate":"https:\/\/zurzeit.at\/?s={search_term_string}"},"query-input":{"@type":"PropertyValueSpecification","valueRequired":true,"valueName":"search_term_string"}}],"inLanguage":"de"},{"@type":"Person","@id":"https:\/\/zurzeit.at\/#\/schema\/person\/e6f4284c4ffdba25c26f295806088e37","name":"admin2","image":{"@type":"ImageObject","inLanguage":"de","@id":"https:\/\/secure.gravatar.com\/avatar\/6b01edb108b3f79fc8950358251ecf3b91c228e319139ad1beec43b6b1b16470?s=96&d=mm&r=g","url":"https:\/\/secure.gravatar.com\/avatar\/6b01edb108b3f79fc8950358251ecf3b91c228e319139ad1beec43b6b1b16470?s=96&d=mm&r=g","contentUrl":"https:\/\/secure.gravatar.com\/avatar\/6b01edb108b3f79fc8950358251ecf3b91c228e319139ad1beec43b6b1b16470?s=96&d=mm&r=g","caption":"admin2"},"url":"https:\/\/zurzeit.at\/index.php\/author\/admin2\/"}]}},"_links":{"self":[{"href":"https:\/\/zurzeit.at\/index.php\/wp-json\/wp\/v2\/posts\/8845","targetHints":{"allow":["GET"]}}],"collection":[{"href":"https:\/\/zurzeit.at\/index.php\/wp-json\/wp\/v2\/posts"}],"about":[{"href":"https:\/\/zurzeit.at\/index.php\/wp-json\/wp\/v2\/types\/post"}],"author":[{"embeddable":true,"href":"https:\/\/zurzeit.at\/index.php\/wp-json\/wp\/v2\/users\/3"}],"replies":[{"embeddable":true,"href":"https:\/\/zurzeit.at\/index.php\/wp-json\/wp\/v2\/comments?post=8845"}],"version-history":[{"count":1,"href":"https:\/\/zurzeit.at\/index.php\/wp-json\/wp\/v2\/posts\/8845\/revisions"}],"predecessor-version":[{"id":8847,"href":"https:\/\/zurzeit.at\/index.php\/wp-json\/wp\/v2\/posts\/8845\/revisions\/8847"}],"wp:featuredmedia":[{"embeddable":true,"href":"https:\/\/zurzeit.at\/index.php\/wp-json\/wp\/v2\/media\/8846"}],"wp:attachment":[{"href":"https:\/\/zurzeit.at\/index.php\/wp-json\/wp\/v2\/media?parent=8845"}],"wp:term":[{"taxonomy":"category","embeddable":true,"href":"https:\/\/zurzeit.at\/index.php\/wp-json\/wp\/v2\/categories?post=8845"},{"taxonomy":"post_tag","embeddable":true,"href":"https:\/\/zurzeit.at\/index.php\/wp-json\/wp\/v2\/tags?post=8845"}],"curies":[{"name":"wp","href":"https:\/\/api.w.org\/{rel}","templated":true}]}}