{"id":9002,"date":"2021-04-09T11:22:11","date_gmt":"2021-04-09T09:22:11","guid":{"rendered":"http:\/\/zurzeit.at\/?p=9002"},"modified":"2021-04-09T11:22:11","modified_gmt":"2021-04-09T09:22:11","slug":"sachsen-afd-ueberholt-in-umfrage-die-cdu","status":"publish","type":"post","link":"https:\/\/zurzeit.at\/index.php\/sachsen-afd-ueberholt-in-umfrage-die-cdu\/","title":{"rendered":"Sachsen: AfD \u00fcberholt in Umfrage die CDU"},"content":{"rendered":"<h1>Patrioten w\u00e4ren jetzt bei Landtagswahl st\u00e4rkste Kraft im Freistaat<\/h1>\n<p>W\u00e4hrend linke Medien nicht m\u00fcde werden, eine angebliche Krise der Alternative f\u00fcr Deutschland (AfD) herbeizuschreiben, kommen aus Sachsen ganz andere Nachrichten. W\u00e4ren in dem Freistaat jetzt Landtagswahlen, w\u00e4re die patriotische Partei st\u00e4rkste Kraft, wie eine von der \u201eS\u00e4chsischen Zeitung\u201c in Auftrag gegebene Umfrage ergab. Und damit hat die AfD die CDU von Ministerpr\u00e4sident Michael Kretschmer \u00fcberholt.<\/p>\n<p>Die AfD k\u00e4me auf 29,6 Prozent, was im Vergleich zur Vorwoche ein Plus von 3,2 Prozent bedeutet, die CDU auf 27,3 Prozent (minus 2,9 Prozent), die Gr\u00fcnen auf zw\u00f6lf Prozent (minus zwei Prozent), die Linke auf 9,6 Prozent (minus 0,3 Prozent), die SPD auf 7,3 Prozent (minus 1,3 Prozent) und die FDP auf 6,9 Prozent (plus 2,1 Prozent).<\/p>\n<p>Bemerkenswert ist der Absturz der CDU. Im Februar lagen die Christdemokraten in Umfragen noch bei 35 Prozent. Als Grund nennt die \u201eS\u00e4chsische Zeitung\u201c die Unzufriedenheit der Sachsen mit der Corona-Politik der Landesregierung, zumal rund 62 Prozent der Befragten unzufrieden sind mit dem Krisenmanagement von Ministerpr\u00e4sident Kretschmer. Aber auch die \u201eMasken-Aff\u00e4re\u201c auf Bundesebene d\u00fcrfte nicht zur Beleibtheit der CDU beitragen. Hingegen macht sich die kantige Oppositionspolitik der AfD Sachsen unter J\u00f6rg Urban bezahlt.<\/p>\n<p>[Autor: <a href=\"https:\/\/zurzeit.at\/index.php\/autoren\/\">B.T.<\/a> Bild: <a href=\"https:\/\/commons.wikimedia.org\/wiki\/File:AfD-Wagen_M%C3%B6dlareuth_20201003_DSC4598.jpg\">Wikipedia\/PantheraLeo1359531<\/a> L<span class=\"licensetpl_attr\">izenz:<a href=\"https:\/\/creativecommons.org\/licenses\/by\/4.0\/deed.en\"> CC BY 4.0<\/a><\/span>]<\/p>\n","protected":false},"excerpt":{"rendered":"<p>Patrioten w\u00e4ren jetzt bei Landtagswahl st\u00e4rkste Kraft im Freistaat W\u00e4hrend linke Medien nicht m\u00fcde werden,&hellip;<\/p>\n","protected":false},"author":3,"featured_media":9003,"comment_status":"open","ping_status":"closed","sticky":false,"template":"","format":"standard","meta":{"footnotes":""},"categories":[47],"tags":[62,342,60,5752,1093,1090,326],"class_list":["post-9002","post","type-post","status-publish","format-standard","has-post-thumbnail","hentry","category-deutschland","tag-afd","tag-cdu","tag-deutschland","tag-michael-kretschmer","tag-sachsen","tag-umfrage","tag-wahlen"],"yoast_head":"<!-- This site is optimized with the Yoast SEO plugin v28.3 - https:\/\/yoast.com\/product\/yoast-seo-wordpress\/ -->\n<title>Sachsen: AfD \u00fcberholt in Umfrage die CDU - ZurZeit<\/title>\n<meta name=\"robots\" content=\"index, follow, max-snippet:-1, max-image-preview:large, max-video-preview:-1\" \/>\n<link rel=\"canonical\" href=\"https:\/\/zurzeit.at\/index.php\/sachsen-afd-ueberholt-in-umfrage-die-cdu\/\" \/>\n<meta property=\"og:locale\" content=\"de_DE\" \/>\n<meta property=\"og:type\" content=\"article\" \/>\n<meta property=\"og:title\" content=\"Sachsen: AfD \u00fcberholt in Umfrage die CDU - ZurZeit\" \/>\n<meta property=\"og:description\" content=\"Patrioten w\u00e4ren jetzt bei Landtagswahl st\u00e4rkste Kraft im Freistaat W\u00e4hrend linke Medien nicht m\u00fcde werden,&hellip;\" \/>\n<meta property=\"og:url\" content=\"https:\/\/zurzeit.at\/index.php\/sachsen-afd-ueberholt-in-umfrage-die-cdu\/\" \/>\n<meta property=\"og:site_name\" content=\"ZurZeit\" \/>\n<meta property=\"article:publisher\" content=\"https:\/\/www.facebook.com\/wochenmagazinZurZeit\/\" \/>\n<meta property=\"article:published_time\" content=\"2021-04-09T09:22:11+00:00\" \/>\n<meta property=\"og:image\" content=\"https:\/\/zurzeit.at\/wp-content\/uploads\/2021\/04\/1280px-AfD-Wagen_M\u00f6dlareuth_20201003_DSC4598.jpg\" \/>\n\t<meta property=\"og:image:width\" content=\"1280\" \/>\n\t<meta property=\"og:image:height\" content=\"853\" \/>\n\t<meta property=\"og:image:type\" content=\"image\/jpeg\" \/>\n<meta name=\"author\" content=\"admin2\" \/>\n<meta name=\"twitter:card\" content=\"summary_large_image\" \/>\n<meta name=\"twitter:label1\" content=\"Verfasst von\" \/>\n\t<meta name=\"twitter:data1\" content=\"admin2\" \/>\n\t<meta name=\"twitter:label2\" content=\"Gesch\u00e4tzte Lesezeit\" \/>\n\t<meta name=\"twitter:data2\" content=\"1\u00a0Minute\" \/>\n<script type=\"application\/ld+json\" class=\"yoast-schema-graph\">{\"@context\":\"https:\\\/\\\/schema.org\",\"@graph\":[{\"@type\":\"Article\",\"@id\":\"https:\\\/\\\/zurzeit.at\\\/index.php\\\/sachsen-afd-ueberholt-in-umfrage-die-cdu\\\/#article\",\"isPartOf\":{\"@id\":\"https:\\\/\\\/zurzeit.at\\\/index.php\\\/sachsen-afd-ueberholt-in-umfrage-die-cdu\\\/\"},\"author\":{\"name\":\"admin2\",\"@id\":\"https:\\\/\\\/zurzeit.at\\\/#\\\/schema\\\/person\\\/e6f4284c4ffdba25c26f295806088e37\"},\"headline\":\"Sachsen: AfD \u00fcberholt in Umfrage die CDU\",\"datePublished\":\"2021-04-09T09:22:11+00:00\",\"mainEntityOfPage\":{\"@id\":\"https:\\\/\\\/zurzeit.at\\\/index.php\\\/sachsen-afd-ueberholt-in-umfrage-die-cdu\\\/\"},\"wordCount\":217,\"commentCount\":0,\"image\":{\"@id\":\"https:\\\/\\\/zurzeit.at\\\/index.php\\\/sachsen-afd-ueberholt-in-umfrage-die-cdu\\\/#primaryimage\"},\"thumbnailUrl\":\"https:\\\/\\\/zurzeit.at\\\/wp-content\\\/uploads\\\/2021\\\/04\\\/1280px-AfD-Wagen_M\u00f6dlareuth_20201003_DSC4598.jpg\",\"keywords\":[\"AFD\",\"CDU\",\"Deutschland\",\"Michael Kretschmer\",\"Sachsen\",\"Umfrage\",\"Wahlen\"],\"articleSection\":[\"Deutschland\"],\"inLanguage\":\"de\",\"potentialAction\":[{\"@type\":\"CommentAction\",\"name\":\"Comment\",\"target\":[\"https:\\\/\\\/zurzeit.at\\\/index.php\\\/sachsen-afd-ueberholt-in-umfrage-die-cdu\\\/#respond\"]}]},{\"@type\":\"WebPage\",\"@id\":\"https:\\\/\\\/zurzeit.at\\\/index.php\\\/sachsen-afd-ueberholt-in-umfrage-die-cdu\\\/\",\"url\":\"https:\\\/\\\/zurzeit.at\\\/index.php\\\/sachsen-afd-ueberholt-in-umfrage-die-cdu\\\/\",\"name\":\"Sachsen: AfD \u00fcberholt in Umfrage die CDU - ZurZeit\",\"isPartOf\":{\"@id\":\"https:\\\/\\\/zurzeit.at\\\/#website\"},\"primaryImageOfPage\":{\"@id\":\"https:\\\/\\\/zurzeit.at\\\/index.php\\\/sachsen-afd-ueberholt-in-umfrage-die-cdu\\\/#primaryimage\"},\"image\":{\"@id\":\"https:\\\/\\\/zurzeit.at\\\/index.php\\\/sachsen-afd-ueberholt-in-umfrage-die-cdu\\\/#primaryimage\"},\"thumbnailUrl\":\"https:\\\/\\\/zurzeit.at\\\/wp-content\\\/uploads\\\/2021\\\/04\\\/1280px-AfD-Wagen_M\u00f6dlareuth_20201003_DSC4598.jpg\",\"datePublished\":\"2021-04-09T09:22:11+00:00\",\"author\":{\"@id\":\"https:\\\/\\\/zurzeit.at\\\/#\\\/schema\\\/person\\\/e6f4284c4ffdba25c26f295806088e37\"},\"breadcrumb\":{\"@id\":\"https:\\\/\\\/zurzeit.at\\\/index.php\\\/sachsen-afd-ueberholt-in-umfrage-die-cdu\\\/#breadcrumb\"},\"inLanguage\":\"de\",\"potentialAction\":[{\"@type\":\"ReadAction\",\"target\":[\"https:\\\/\\\/zurzeit.at\\\/index.php\\\/sachsen-afd-ueberholt-in-umfrage-die-cdu\\\/\"]}]},{\"@type\":\"ImageObject\",\"inLanguage\":\"de\",\"@id\":\"https:\\\/\\\/zurzeit.at\\\/index.php\\\/sachsen-afd-ueberholt-in-umfrage-die-cdu\\\/#primaryimage\",\"url\":\"https:\\\/\\\/zurzeit.at\\\/wp-content\\\/uploads\\\/2021\\\/04\\\/1280px-AfD-Wagen_M\u00f6dlareuth_20201003_DSC4598.jpg\",\"contentUrl\":\"https:\\\/\\\/zurzeit.at\\\/wp-content\\\/uploads\\\/2021\\\/04\\\/1280px-AfD-Wagen_M\u00f6dlareuth_20201003_DSC4598.jpg\",\"width\":1280,\"height\":853,\"caption\":\"Ansicht von M\u00f6dlareuth am 03.10.2020 (Tag der Deutschen Einheit).\"},{\"@type\":\"BreadcrumbList\",\"@id\":\"https:\\\/\\\/zurzeit.at\\\/index.php\\\/sachsen-afd-ueberholt-in-umfrage-die-cdu\\\/#breadcrumb\",\"itemListElement\":[{\"@type\":\"ListItem\",\"position\":1,\"name\":\"Startseite\",\"item\":\"https:\\\/\\\/zurzeit.at\\\/\"},{\"@type\":\"ListItem\",\"position\":2,\"name\":\"Sachsen: AfD \u00fcberholt in Umfrage die CDU\"}]},{\"@type\":\"WebSite\",\"@id\":\"https:\\\/\\\/zurzeit.at\\\/#website\",\"url\":\"https:\\\/\\\/zurzeit.at\\\/\",\"name\":\"ZurZeit\",\"description\":\"Internetseite des Wochenmagazins ZurZeit\",\"potentialAction\":[{\"@type\":\"SearchAction\",\"target\":{\"@type\":\"EntryPoint\",\"urlTemplate\":\"https:\\\/\\\/zurzeit.at\\\/?s={search_term_string}\"},\"query-input\":{\"@type\":\"PropertyValueSpecification\",\"valueRequired\":true,\"valueName\":\"search_term_string\"}}],\"inLanguage\":\"de\"},{\"@type\":\"Person\",\"@id\":\"https:\\\/\\\/zurzeit.at\\\/#\\\/schema\\\/person\\\/e6f4284c4ffdba25c26f295806088e37\",\"name\":\"admin2\",\"image\":{\"@type\":\"ImageObject\",\"inLanguage\":\"de\",\"@id\":\"https:\\\/\\\/secure.gravatar.com\\\/avatar\\\/6b01edb108b3f79fc8950358251ecf3b91c228e319139ad1beec43b6b1b16470?s=96&d=mm&r=g\",\"url\":\"https:\\\/\\\/secure.gravatar.com\\\/avatar\\\/6b01edb108b3f79fc8950358251ecf3b91c228e319139ad1beec43b6b1b16470?s=96&d=mm&r=g\",\"contentUrl\":\"https:\\\/\\\/secure.gravatar.com\\\/avatar\\\/6b01edb108b3f79fc8950358251ecf3b91c228e319139ad1beec43b6b1b16470?s=96&d=mm&r=g\",\"caption\":\"admin2\"},\"url\":\"https:\\\/\\\/zurzeit.at\\\/index.php\\\/author\\\/admin2\\\/\"}]}<\/script>\n<!-- \/ Yoast SEO plugin. -->","yoast_head_json":{"title":"Sachsen: AfD \u00fcberholt in Umfrage die CDU - ZurZeit","robots":{"index":"index","follow":"follow","max-snippet":"max-snippet:-1","max-image-preview":"max-image-preview:large","max-video-preview":"max-video-preview:-1"},"canonical":"https:\/\/zurzeit.at\/index.php\/sachsen-afd-ueberholt-in-umfrage-die-cdu\/","og_locale":"de_DE","og_type":"article","og_title":"Sachsen: AfD \u00fcberholt in Umfrage die CDU - ZurZeit","og_description":"Patrioten w\u00e4ren jetzt bei Landtagswahl st\u00e4rkste Kraft im Freistaat W\u00e4hrend linke Medien nicht m\u00fcde werden,&hellip;","og_url":"https:\/\/zurzeit.at\/index.php\/sachsen-afd-ueberholt-in-umfrage-die-cdu\/","og_site_name":"ZurZeit","article_publisher":"https:\/\/www.facebook.com\/wochenmagazinZurZeit\/","article_published_time":"2021-04-09T09:22:11+00:00","og_image":[{"width":1280,"height":853,"url":"https:\/\/zurzeit.at\/wp-content\/uploads\/2021\/04\/1280px-AfD-Wagen_M\u00f6dlareuth_20201003_DSC4598.jpg","type":"image\/jpeg"}],"author":"admin2","twitter_card":"summary_large_image","twitter_misc":{"Verfasst von":"admin2","Gesch\u00e4tzte Lesezeit":"1\u00a0Minute"},"schema":{"@context":"https:\/\/schema.org","@graph":[{"@type":"Article","@id":"https:\/\/zurzeit.at\/index.php\/sachsen-afd-ueberholt-in-umfrage-die-cdu\/#article","isPartOf":{"@id":"https:\/\/zurzeit.at\/index.php\/sachsen-afd-ueberholt-in-umfrage-die-cdu\/"},"author":{"name":"admin2","@id":"https:\/\/zurzeit.at\/#\/schema\/person\/e6f4284c4ffdba25c26f295806088e37"},"headline":"Sachsen: AfD \u00fcberholt in Umfrage die CDU","datePublished":"2021-04-09T09:22:11+00:00","mainEntityOfPage":{"@id":"https:\/\/zurzeit.at\/index.php\/sachsen-afd-ueberholt-in-umfrage-die-cdu\/"},"wordCount":217,"commentCount":0,"image":{"@id":"https:\/\/zurzeit.at\/index.php\/sachsen-afd-ueberholt-in-umfrage-die-cdu\/#primaryimage"},"thumbnailUrl":"https:\/\/zurzeit.at\/wp-content\/uploads\/2021\/04\/1280px-AfD-Wagen_M\u00f6dlareuth_20201003_DSC4598.jpg","keywords":["AFD","CDU","Deutschland","Michael Kretschmer","Sachsen","Umfrage","Wahlen"],"articleSection":["Deutschland"],"inLanguage":"de","potentialAction":[{"@type":"CommentAction","name":"Comment","target":["https:\/\/zurzeit.at\/index.php\/sachsen-afd-ueberholt-in-umfrage-die-cdu\/#respond"]}]},{"@type":"WebPage","@id":"https:\/\/zurzeit.at\/index.php\/sachsen-afd-ueberholt-in-umfrage-die-cdu\/","url":"https:\/\/zurzeit.at\/index.php\/sachsen-afd-ueberholt-in-umfrage-die-cdu\/","name":"Sachsen: AfD \u00fcberholt in Umfrage die CDU - ZurZeit","isPartOf":{"@id":"https:\/\/zurzeit.at\/#website"},"primaryImageOfPage":{"@id":"https:\/\/zurzeit.at\/index.php\/sachsen-afd-ueberholt-in-umfrage-die-cdu\/#primaryimage"},"image":{"@id":"https:\/\/zurzeit.at\/index.php\/sachsen-afd-ueberholt-in-umfrage-die-cdu\/#primaryimage"},"thumbnailUrl":"https:\/\/zurzeit.at\/wp-content\/uploads\/2021\/04\/1280px-AfD-Wagen_M\u00f6dlareuth_20201003_DSC4598.jpg","datePublished":"2021-04-09T09:22:11+00:00","author":{"@id":"https:\/\/zurzeit.at\/#\/schema\/person\/e6f4284c4ffdba25c26f295806088e37"},"breadcrumb":{"@id":"https:\/\/zurzeit.at\/index.php\/sachsen-afd-ueberholt-in-umfrage-die-cdu\/#breadcrumb"},"inLanguage":"de","potentialAction":[{"@type":"ReadAction","target":["https:\/\/zurzeit.at\/index.php\/sachsen-afd-ueberholt-in-umfrage-die-cdu\/"]}]},{"@type":"ImageObject","inLanguage":"de","@id":"https:\/\/zurzeit.at\/index.php\/sachsen-afd-ueberholt-in-umfrage-die-cdu\/#primaryimage","url":"https:\/\/zurzeit.at\/wp-content\/uploads\/2021\/04\/1280px-AfD-Wagen_M\u00f6dlareuth_20201003_DSC4598.jpg","contentUrl":"https:\/\/zurzeit.at\/wp-content\/uploads\/2021\/04\/1280px-AfD-Wagen_M\u00f6dlareuth_20201003_DSC4598.jpg","width":1280,"height":853,"caption":"Ansicht von M\u00f6dlareuth am 03.10.2020 (Tag der Deutschen Einheit)."},{"@type":"BreadcrumbList","@id":"https:\/\/zurzeit.at\/index.php\/sachsen-afd-ueberholt-in-umfrage-die-cdu\/#breadcrumb","itemListElement":[{"@type":"ListItem","position":1,"name":"Startseite","item":"https:\/\/zurzeit.at\/"},{"@type":"ListItem","position":2,"name":"Sachsen: AfD \u00fcberholt in Umfrage die CDU"}]},{"@type":"WebSite","@id":"https:\/\/zurzeit.at\/#website","url":"https:\/\/zurzeit.at\/","name":"ZurZeit","description":"Internetseite des Wochenmagazins ZurZeit","potentialAction":[{"@type":"SearchAction","target":{"@type":"EntryPoint","urlTemplate":"https:\/\/zurzeit.at\/?s={search_term_string}"},"query-input":{"@type":"PropertyValueSpecification","valueRequired":true,"valueName":"search_term_string"}}],"inLanguage":"de"},{"@type":"Person","@id":"https:\/\/zurzeit.at\/#\/schema\/person\/e6f4284c4ffdba25c26f295806088e37","name":"admin2","image":{"@type":"ImageObject","inLanguage":"de","@id":"https:\/\/secure.gravatar.com\/avatar\/6b01edb108b3f79fc8950358251ecf3b91c228e319139ad1beec43b6b1b16470?s=96&d=mm&r=g","url":"https:\/\/secure.gravatar.com\/avatar\/6b01edb108b3f79fc8950358251ecf3b91c228e319139ad1beec43b6b1b16470?s=96&d=mm&r=g","contentUrl":"https:\/\/secure.gravatar.com\/avatar\/6b01edb108b3f79fc8950358251ecf3b91c228e319139ad1beec43b6b1b16470?s=96&d=mm&r=g","caption":"admin2"},"url":"https:\/\/zurzeit.at\/index.php\/author\/admin2\/"}]}},"_links":{"self":[{"href":"https:\/\/zurzeit.at\/index.php\/wp-json\/wp\/v2\/posts\/9002","targetHints":{"allow":["GET"]}}],"collection":[{"href":"https:\/\/zurzeit.at\/index.php\/wp-json\/wp\/v2\/posts"}],"about":[{"href":"https:\/\/zurzeit.at\/index.php\/wp-json\/wp\/v2\/types\/post"}],"author":[{"embeddable":true,"href":"https:\/\/zurzeit.at\/index.php\/wp-json\/wp\/v2\/users\/3"}],"replies":[{"embeddable":true,"href":"https:\/\/zurzeit.at\/index.php\/wp-json\/wp\/v2\/comments?post=9002"}],"version-history":[{"count":1,"href":"https:\/\/zurzeit.at\/index.php\/wp-json\/wp\/v2\/posts\/9002\/revisions"}],"predecessor-version":[{"id":9004,"href":"https:\/\/zurzeit.at\/index.php\/wp-json\/wp\/v2\/posts\/9002\/revisions\/9004"}],"wp:featuredmedia":[{"embeddable":true,"href":"https:\/\/zurzeit.at\/index.php\/wp-json\/wp\/v2\/media\/9003"}],"wp:attachment":[{"href":"https:\/\/zurzeit.at\/index.php\/wp-json\/wp\/v2\/media?parent=9002"}],"wp:term":[{"taxonomy":"category","embeddable":true,"href":"https:\/\/zurzeit.at\/index.php\/wp-json\/wp\/v2\/categories?post=9002"},{"taxonomy":"post_tag","embeddable":true,"href":"https:\/\/zurzeit.at\/index.php\/wp-json\/wp\/v2\/tags?post=9002"}],"curies":[{"name":"wp","href":"https:\/\/api.w.org\/{rel}","templated":true}]}}