{"id":9098,"date":"2021-04-17T16:06:32","date_gmt":"2021-04-17T14:06:32","guid":{"rendered":"http:\/\/zurzeit.at\/?p=9098"},"modified":"2021-04-19T14:59:39","modified_gmt":"2021-04-19T12:59:39","slug":"castro-aera-endet-endgueltig","status":"publish","type":"post","link":"https:\/\/zurzeit.at\/index.php\/castro-aera-endet-endgueltig\/","title":{"rendered":"Castro-\u00c4ra endet endg\u00fcltig"},"content":{"rendered":"<h1>Raul Castro gab seinen R\u00fccktritt als Parteichef der Kommunistischen Partei bekannt.<\/h1>\n<p>&#8222;Was mich betrifft, so endet meine Aufgabe als Erster Sekret\u00e4r des Zentralkomitees der Kommunistischen Partei Kubas mit der Befriedigung, meine Pflichten erf\u00fcllt zu haben, und dem Vertrauen in die Zukunft des Vaterlandes&#8220;, sagte der 89-J\u00e4hrige am Freitag zum Auftakt des achten Kongresses der Kommunistischen Partei Kubas (PCC) in Havanna.<\/p>\n<p>Er k\u00f6nne die F\u00fchrung des Landes mit gutem Gewissen an gut vorbereitete Funktion\u00e4re \u00fcbergeben. Sie alle w\u00fcrden f\u00fcr die Kontinuit\u00e4t der Kubanischen Revolution von 1959 stehen und deren Prinzipen vertreten, so Castro.<\/p>\n<p>Seit der Parteigr\u00fcndung im Jahr 1965 wird die PCC das erste mal nicht mehr von einem Castro angef\u00fchrt werden. Ra\u00fal Castro hatte das Amt des Ersten Sekret\u00e4rs im Jahr 2011 von seinem \u00e4lteren Bruder, dem Revolutionsf\u00fchrer Fidel Castro, \u00fcbernommen, der 2016 starb.<\/p>\n<p>Vor drei Jahren \u00fcbergab Raul Castro bereits den Posten als Staatspr\u00e4sident an Miguel D\u00edaz-Canel. Canel soll als Verb\u00fcndeter Castros auch im Gespr\u00e4ch f\u00fcr den Parteichefposten sein.<\/p>\n<p>Die Zukunftsthemen Kubas sind neben der Bew\u00e4ltigung der Corona-Krise auch geplante Wirtschaftsreformen. Eine der beiden einheimischen W\u00e4hrungen wurde zu Beginn dieses Jahres abgeschafft und f\u00fchrte zu \u00fcberh\u00f6hten Preisen \u2013 dies soll nun bew\u00e4ltigt werden. Ebenso m\u00fcsse man weiterhin gegen die bestehende Korruption ank\u00e4mpfen. Au\u00dferdem betonte Castro Kuba m\u00f6ge in einen respektvollen Dialog mit dem langj\u00e4hrigen Erzfeind USA treten, ohne die Souver\u00e4nit\u00e4t und Unabh\u00e4ngigkeit zu gef\u00e4hrden.<\/p>\n<p>Zuletzt wurde die kubanische Wirtschaft unter immer sch\u00e4rferen US-Sanktionen w\u00e4hrend der Amtszeit des Ex-Pr\u00e4sidenten Donald Trump sowie unter dem Einbruch des Tourismus in der Corona-Pandemie stark geschw\u00e4cht.<\/p>\n<p>[Autor: <a href=\"https:\/\/zurzeit.at\/index.php\/autoren\/\">A.T.<\/a> Bild:<a href=\"https:\/\/de.wikipedia.org\/wiki\/Ra%C3%BAl_Castro#\/media\/Datei:Ra%C3%BAl_Castro,_July_2012.jpeg\"> Wikipedia\/<span class=\"mw-mmv-source-author\"><span class=\"mw-mmv-author mw-mmv-source\">Government.ru<\/span><\/span><\/a> L<span class=\"licensetpl_attr\">izenz: <a class=\"mw-mmv-license\" href=\"https:\/\/creativecommons.org\/licenses\/by\/4.0\" target=\"_blank\" rel=\"noopener\">CC-BY 4.0<\/a><\/span>]<\/p>\n","protected":false},"excerpt":{"rendered":"<p>Raul Castro gab seinen R\u00fccktritt als Parteichef der Kommunistischen Partei bekannt. &#8222;Was mich betrifft, so&hellip;<\/p>\n","protected":false},"author":3,"featured_media":9099,"comment_status":"open","ping_status":"closed","sticky":false,"template":"","format":"standard","meta":{"footnotes":""},"categories":[49],"tags":[5815,3071,713,1183,5816,310,242,1505],"class_list":["post-9098","post","type-post","status-publish","format-standard","has-post-thumbnail","hentry","category-ausland","tag-castro","tag-corona","tag-kommunismus","tag-kuba","tag-pcc","tag-trump","tag-usa","tag-wirtschaft"],"yoast_head":"<!-- This site is optimized with the Yoast SEO plugin v28.3 - https:\/\/yoast.com\/product\/yoast-seo-wordpress\/ -->\n<title>Castro-\u00c4ra endet endg\u00fcltig - ZurZeit<\/title>\n<meta name=\"robots\" content=\"index, follow, max-snippet:-1, max-image-preview:large, max-video-preview:-1\" \/>\n<link rel=\"canonical\" href=\"https:\/\/zurzeit.at\/index.php\/castro-aera-endet-endgueltig\/\" \/>\n<meta property=\"og:locale\" content=\"de_DE\" \/>\n<meta property=\"og:type\" content=\"article\" \/>\n<meta property=\"og:title\" content=\"Castro-\u00c4ra endet endg\u00fcltig - ZurZeit\" \/>\n<meta property=\"og:description\" content=\"Raul Castro gab seinen R\u00fccktritt als Parteichef der Kommunistischen Partei bekannt. &#8222;Was mich betrifft, so&hellip;\" \/>\n<meta property=\"og:url\" content=\"https:\/\/zurzeit.at\/index.php\/castro-aera-endet-endgueltig\/\" \/>\n<meta property=\"og:site_name\" content=\"ZurZeit\" \/>\n<meta property=\"article:publisher\" content=\"https:\/\/www.facebook.com\/wochenmagazinZurZeit\/\" \/>\n<meta property=\"article:published_time\" content=\"2021-04-17T14:06:32+00:00\" \/>\n<meta property=\"article:modified_time\" content=\"2021-04-19T12:59:39+00:00\" \/>\n<meta property=\"og:image\" content=\"https:\/\/zurzeit.at\/wp-content\/uploads\/2021\/04\/688px-Raul_Castro_July_2012.jpeg\" \/>\n\t<meta property=\"og:image:width\" content=\"688\" \/>\n\t<meta property=\"og:image:height\" content=\"1079\" \/>\n\t<meta property=\"og:image:type\" content=\"image\/jpeg\" \/>\n<meta name=\"author\" content=\"admin2\" \/>\n<meta name=\"twitter:card\" content=\"summary_large_image\" \/>\n<meta name=\"twitter:label1\" content=\"Verfasst von\" \/>\n\t<meta name=\"twitter:data1\" content=\"admin2\" \/>\n\t<meta name=\"twitter:label2\" content=\"Gesch\u00e4tzte Lesezeit\" \/>\n\t<meta name=\"twitter:data2\" content=\"2\u00a0Minuten\" \/>\n<script type=\"application\/ld+json\" class=\"yoast-schema-graph\">{\"@context\":\"https:\\\/\\\/schema.org\",\"@graph\":[{\"@type\":\"Article\",\"@id\":\"https:\\\/\\\/zurzeit.at\\\/index.php\\\/castro-aera-endet-endgueltig\\\/#article\",\"isPartOf\":{\"@id\":\"https:\\\/\\\/zurzeit.at\\\/index.php\\\/castro-aera-endet-endgueltig\\\/\"},\"author\":{\"name\":\"admin2\",\"@id\":\"https:\\\/\\\/zurzeit.at\\\/#\\\/schema\\\/person\\\/e6f4284c4ffdba25c26f295806088e37\"},\"headline\":\"Castro-\u00c4ra endet endg\u00fcltig\",\"datePublished\":\"2021-04-17T14:06:32+00:00\",\"dateModified\":\"2021-04-19T12:59:39+00:00\",\"mainEntityOfPage\":{\"@id\":\"https:\\\/\\\/zurzeit.at\\\/index.php\\\/castro-aera-endet-endgueltig\\\/\"},\"wordCount\":299,\"commentCount\":0,\"image\":{\"@id\":\"https:\\\/\\\/zurzeit.at\\\/index.php\\\/castro-aera-endet-endgueltig\\\/#primaryimage\"},\"thumbnailUrl\":\"https:\\\/\\\/zurzeit.at\\\/wp-content\\\/uploads\\\/2021\\\/04\\\/688px-Raul_Castro_July_2012.jpeg\",\"keywords\":[\"Castro\",\"Corona\",\"Kommunismus\",\"Kuba\",\"PCC\",\"Trump\",\"USA\",\"Wirtschaft\"],\"articleSection\":[\"Ausland\"],\"inLanguage\":\"de\",\"potentialAction\":[{\"@type\":\"CommentAction\",\"name\":\"Comment\",\"target\":[\"https:\\\/\\\/zurzeit.at\\\/index.php\\\/castro-aera-endet-endgueltig\\\/#respond\"]}]},{\"@type\":\"WebPage\",\"@id\":\"https:\\\/\\\/zurzeit.at\\\/index.php\\\/castro-aera-endet-endgueltig\\\/\",\"url\":\"https:\\\/\\\/zurzeit.at\\\/index.php\\\/castro-aera-endet-endgueltig\\\/\",\"name\":\"Castro-\u00c4ra endet endg\u00fcltig - ZurZeit\",\"isPartOf\":{\"@id\":\"https:\\\/\\\/zurzeit.at\\\/#website\"},\"primaryImageOfPage\":{\"@id\":\"https:\\\/\\\/zurzeit.at\\\/index.php\\\/castro-aera-endet-endgueltig\\\/#primaryimage\"},\"image\":{\"@id\":\"https:\\\/\\\/zurzeit.at\\\/index.php\\\/castro-aera-endet-endgueltig\\\/#primaryimage\"},\"thumbnailUrl\":\"https:\\\/\\\/zurzeit.at\\\/wp-content\\\/uploads\\\/2021\\\/04\\\/688px-Raul_Castro_July_2012.jpeg\",\"datePublished\":\"2021-04-17T14:06:32+00:00\",\"dateModified\":\"2021-04-19T12:59:39+00:00\",\"author\":{\"@id\":\"https:\\\/\\\/zurzeit.at\\\/#\\\/schema\\\/person\\\/e6f4284c4ffdba25c26f295806088e37\"},\"breadcrumb\":{\"@id\":\"https:\\\/\\\/zurzeit.at\\\/index.php\\\/castro-aera-endet-endgueltig\\\/#breadcrumb\"},\"inLanguage\":\"de\",\"potentialAction\":[{\"@type\":\"ReadAction\",\"target\":[\"https:\\\/\\\/zurzeit.at\\\/index.php\\\/castro-aera-endet-endgueltig\\\/\"]}]},{\"@type\":\"ImageObject\",\"inLanguage\":\"de\",\"@id\":\"https:\\\/\\\/zurzeit.at\\\/index.php\\\/castro-aera-endet-endgueltig\\\/#primaryimage\",\"url\":\"https:\\\/\\\/zurzeit.at\\\/wp-content\\\/uploads\\\/2021\\\/04\\\/688px-Raul_Castro_July_2012.jpeg\",\"contentUrl\":\"https:\\\/\\\/zurzeit.at\\\/wp-content\\\/uploads\\\/2021\\\/04\\\/688px-Raul_Castro_July_2012.jpeg\",\"width\":688,\"height\":1079},{\"@type\":\"BreadcrumbList\",\"@id\":\"https:\\\/\\\/zurzeit.at\\\/index.php\\\/castro-aera-endet-endgueltig\\\/#breadcrumb\",\"itemListElement\":[{\"@type\":\"ListItem\",\"position\":1,\"name\":\"Startseite\",\"item\":\"https:\\\/\\\/zurzeit.at\\\/\"},{\"@type\":\"ListItem\",\"position\":2,\"name\":\"Castro-\u00c4ra endet endg\u00fcltig\"}]},{\"@type\":\"WebSite\",\"@id\":\"https:\\\/\\\/zurzeit.at\\\/#website\",\"url\":\"https:\\\/\\\/zurzeit.at\\\/\",\"name\":\"ZurZeit\",\"description\":\"Internetseite des Wochenmagazins ZurZeit\",\"potentialAction\":[{\"@type\":\"SearchAction\",\"target\":{\"@type\":\"EntryPoint\",\"urlTemplate\":\"https:\\\/\\\/zurzeit.at\\\/?s={search_term_string}\"},\"query-input\":{\"@type\":\"PropertyValueSpecification\",\"valueRequired\":true,\"valueName\":\"search_term_string\"}}],\"inLanguage\":\"de\"},{\"@type\":\"Person\",\"@id\":\"https:\\\/\\\/zurzeit.at\\\/#\\\/schema\\\/person\\\/e6f4284c4ffdba25c26f295806088e37\",\"name\":\"admin2\",\"image\":{\"@type\":\"ImageObject\",\"inLanguage\":\"de\",\"@id\":\"https:\\\/\\\/secure.gravatar.com\\\/avatar\\\/6b01edb108b3f79fc8950358251ecf3b91c228e319139ad1beec43b6b1b16470?s=96&d=mm&r=g\",\"url\":\"https:\\\/\\\/secure.gravatar.com\\\/avatar\\\/6b01edb108b3f79fc8950358251ecf3b91c228e319139ad1beec43b6b1b16470?s=96&d=mm&r=g\",\"contentUrl\":\"https:\\\/\\\/secure.gravatar.com\\\/avatar\\\/6b01edb108b3f79fc8950358251ecf3b91c228e319139ad1beec43b6b1b16470?s=96&d=mm&r=g\",\"caption\":\"admin2\"},\"url\":\"https:\\\/\\\/zurzeit.at\\\/index.php\\\/author\\\/admin2\\\/\"}]}<\/script>\n<!-- \/ Yoast SEO plugin. -->","yoast_head_json":{"title":"Castro-\u00c4ra endet endg\u00fcltig - ZurZeit","robots":{"index":"index","follow":"follow","max-snippet":"max-snippet:-1","max-image-preview":"max-image-preview:large","max-video-preview":"max-video-preview:-1"},"canonical":"https:\/\/zurzeit.at\/index.php\/castro-aera-endet-endgueltig\/","og_locale":"de_DE","og_type":"article","og_title":"Castro-\u00c4ra endet endg\u00fcltig - ZurZeit","og_description":"Raul Castro gab seinen R\u00fccktritt als Parteichef der Kommunistischen Partei bekannt. &#8222;Was mich betrifft, so&hellip;","og_url":"https:\/\/zurzeit.at\/index.php\/castro-aera-endet-endgueltig\/","og_site_name":"ZurZeit","article_publisher":"https:\/\/www.facebook.com\/wochenmagazinZurZeit\/","article_published_time":"2021-04-17T14:06:32+00:00","article_modified_time":"2021-04-19T12:59:39+00:00","og_image":[{"width":688,"height":1079,"url":"https:\/\/zurzeit.at\/wp-content\/uploads\/2021\/04\/688px-Raul_Castro_July_2012.jpeg","type":"image\/jpeg"}],"author":"admin2","twitter_card":"summary_large_image","twitter_misc":{"Verfasst von":"admin2","Gesch\u00e4tzte Lesezeit":"2\u00a0Minuten"},"schema":{"@context":"https:\/\/schema.org","@graph":[{"@type":"Article","@id":"https:\/\/zurzeit.at\/index.php\/castro-aera-endet-endgueltig\/#article","isPartOf":{"@id":"https:\/\/zurzeit.at\/index.php\/castro-aera-endet-endgueltig\/"},"author":{"name":"admin2","@id":"https:\/\/zurzeit.at\/#\/schema\/person\/e6f4284c4ffdba25c26f295806088e37"},"headline":"Castro-\u00c4ra endet endg\u00fcltig","datePublished":"2021-04-17T14:06:32+00:00","dateModified":"2021-04-19T12:59:39+00:00","mainEntityOfPage":{"@id":"https:\/\/zurzeit.at\/index.php\/castro-aera-endet-endgueltig\/"},"wordCount":299,"commentCount":0,"image":{"@id":"https:\/\/zurzeit.at\/index.php\/castro-aera-endet-endgueltig\/#primaryimage"},"thumbnailUrl":"https:\/\/zurzeit.at\/wp-content\/uploads\/2021\/04\/688px-Raul_Castro_July_2012.jpeg","keywords":["Castro","Corona","Kommunismus","Kuba","PCC","Trump","USA","Wirtschaft"],"articleSection":["Ausland"],"inLanguage":"de","potentialAction":[{"@type":"CommentAction","name":"Comment","target":["https:\/\/zurzeit.at\/index.php\/castro-aera-endet-endgueltig\/#respond"]}]},{"@type":"WebPage","@id":"https:\/\/zurzeit.at\/index.php\/castro-aera-endet-endgueltig\/","url":"https:\/\/zurzeit.at\/index.php\/castro-aera-endet-endgueltig\/","name":"Castro-\u00c4ra endet endg\u00fcltig - ZurZeit","isPartOf":{"@id":"https:\/\/zurzeit.at\/#website"},"primaryImageOfPage":{"@id":"https:\/\/zurzeit.at\/index.php\/castro-aera-endet-endgueltig\/#primaryimage"},"image":{"@id":"https:\/\/zurzeit.at\/index.php\/castro-aera-endet-endgueltig\/#primaryimage"},"thumbnailUrl":"https:\/\/zurzeit.at\/wp-content\/uploads\/2021\/04\/688px-Raul_Castro_July_2012.jpeg","datePublished":"2021-04-17T14:06:32+00:00","dateModified":"2021-04-19T12:59:39+00:00","author":{"@id":"https:\/\/zurzeit.at\/#\/schema\/person\/e6f4284c4ffdba25c26f295806088e37"},"breadcrumb":{"@id":"https:\/\/zurzeit.at\/index.php\/castro-aera-endet-endgueltig\/#breadcrumb"},"inLanguage":"de","potentialAction":[{"@type":"ReadAction","target":["https:\/\/zurzeit.at\/index.php\/castro-aera-endet-endgueltig\/"]}]},{"@type":"ImageObject","inLanguage":"de","@id":"https:\/\/zurzeit.at\/index.php\/castro-aera-endet-endgueltig\/#primaryimage","url":"https:\/\/zurzeit.at\/wp-content\/uploads\/2021\/04\/688px-Raul_Castro_July_2012.jpeg","contentUrl":"https:\/\/zurzeit.at\/wp-content\/uploads\/2021\/04\/688px-Raul_Castro_July_2012.jpeg","width":688,"height":1079},{"@type":"BreadcrumbList","@id":"https:\/\/zurzeit.at\/index.php\/castro-aera-endet-endgueltig\/#breadcrumb","itemListElement":[{"@type":"ListItem","position":1,"name":"Startseite","item":"https:\/\/zurzeit.at\/"},{"@type":"ListItem","position":2,"name":"Castro-\u00c4ra endet endg\u00fcltig"}]},{"@type":"WebSite","@id":"https:\/\/zurzeit.at\/#website","url":"https:\/\/zurzeit.at\/","name":"ZurZeit","description":"Internetseite des Wochenmagazins ZurZeit","potentialAction":[{"@type":"SearchAction","target":{"@type":"EntryPoint","urlTemplate":"https:\/\/zurzeit.at\/?s={search_term_string}"},"query-input":{"@type":"PropertyValueSpecification","valueRequired":true,"valueName":"search_term_string"}}],"inLanguage":"de"},{"@type":"Person","@id":"https:\/\/zurzeit.at\/#\/schema\/person\/e6f4284c4ffdba25c26f295806088e37","name":"admin2","image":{"@type":"ImageObject","inLanguage":"de","@id":"https:\/\/secure.gravatar.com\/avatar\/6b01edb108b3f79fc8950358251ecf3b91c228e319139ad1beec43b6b1b16470?s=96&d=mm&r=g","url":"https:\/\/secure.gravatar.com\/avatar\/6b01edb108b3f79fc8950358251ecf3b91c228e319139ad1beec43b6b1b16470?s=96&d=mm&r=g","contentUrl":"https:\/\/secure.gravatar.com\/avatar\/6b01edb108b3f79fc8950358251ecf3b91c228e319139ad1beec43b6b1b16470?s=96&d=mm&r=g","caption":"admin2"},"url":"https:\/\/zurzeit.at\/index.php\/author\/admin2\/"}]}},"_links":{"self":[{"href":"https:\/\/zurzeit.at\/index.php\/wp-json\/wp\/v2\/posts\/9098","targetHints":{"allow":["GET"]}}],"collection":[{"href":"https:\/\/zurzeit.at\/index.php\/wp-json\/wp\/v2\/posts"}],"about":[{"href":"https:\/\/zurzeit.at\/index.php\/wp-json\/wp\/v2\/types\/post"}],"author":[{"embeddable":true,"href":"https:\/\/zurzeit.at\/index.php\/wp-json\/wp\/v2\/users\/3"}],"replies":[{"embeddable":true,"href":"https:\/\/zurzeit.at\/index.php\/wp-json\/wp\/v2\/comments?post=9098"}],"version-history":[{"count":2,"href":"https:\/\/zurzeit.at\/index.php\/wp-json\/wp\/v2\/posts\/9098\/revisions"}],"predecessor-version":[{"id":9109,"href":"https:\/\/zurzeit.at\/index.php\/wp-json\/wp\/v2\/posts\/9098\/revisions\/9109"}],"wp:featuredmedia":[{"embeddable":true,"href":"https:\/\/zurzeit.at\/index.php\/wp-json\/wp\/v2\/media\/9099"}],"wp:attachment":[{"href":"https:\/\/zurzeit.at\/index.php\/wp-json\/wp\/v2\/media?parent=9098"}],"wp:term":[{"taxonomy":"category","embeddable":true,"href":"https:\/\/zurzeit.at\/index.php\/wp-json\/wp\/v2\/categories?post=9098"},{"taxonomy":"post_tag","embeddable":true,"href":"https:\/\/zurzeit.at\/index.php\/wp-json\/wp\/v2\/tags?post=9098"}],"curies":[{"name":"wp","href":"https:\/\/api.w.org\/{rel}","templated":true}]}}