{"id":9854,"date":"2021-07-13T11:10:21","date_gmt":"2021-07-13T09:10:21","guid":{"rendered":"http:\/\/zurzeit.at\/?p=9854"},"modified":"2021-07-13T11:33:56","modified_gmt":"2021-07-13T09:33:56","slug":"kuba-proteste-gegen-kommunistische-diktatur","status":"publish","type":"post","link":"https:\/\/zurzeit.at\/index.php\/kuba-proteste-gegen-kommunistische-diktatur\/","title":{"rendered":"Kuba: Proteste gegen kommunistische Diktatur"},"content":{"rendered":"<h1>Wollen die USA einen \u201eRegimewechsel\u201c anzetteln?<\/h1>\n<p>Bei den ersten offenen Protesten gegen die kommunistische Diktatur seit Jahren wurden in Kuba mehr als 100 Regimegegner verhaftet. Und der kubanische Pr\u00e4sident Miguel Diaz-Canel drohte den Dissidenten: \u201eWenn sie die Revolution bezwingen wollen, m\u00fcssen sie \u00fcber unsere Leichen gehen\u201c. Mit \u201eRevolution\u201c ist das kommunistische Unterdr\u00fcckungssystem gemeint, das die Kubaner seit 1959 ertragen m\u00fcssen.<\/p>\n<p>Mit gro\u00dfem Interesse verfolgen die USA die Ereignisse in Kuba. Schlie\u00dflich versuchte Washington wiederholt \u2013 und erfolglos \u2013 den 2016 verstorbenen Langzeitdiktator Fidel Castro zu st\u00fcrzen. Und der amtierende kubanische Au\u00dfenminister Bruno Rodriguez sieht die USA als treibende Kraft hinter den j\u00fcngsten Protesten. Rodriguez sprach von einer \u201eProvokation\u201c sowie von \u201eUS-finanzierten S\u00f6ldnern\u201c.<\/p>\n<p>Zudem sagte der Au\u00dfenminister: \u201eGestern gab es in Kuba keinen sozialen Aufstand, gestern gab es in Kuba Unordnung, St\u00f6rungen durch eine seit einiger Zeit vorbereitete Kommunikationsoperation, der Millionen gewidmet waren.\u201c<\/p>\n<p>Tats\u00e4chlich finanzieren die USA \u00fcber die halbstaatliche Stiftung \u201eNational Endowent for Democracy\u201c (NED) unter dem Vorwand der \u201eDemokratief\u00f6rderung\u201c und \u201eSt\u00e4rkung der Zivilgesellschaft\u201c verschiedene oppositionelle Gruppen und Initiativen (siehe <a href=\"https:\/\/www.ned.org\/region\/latin-america-and-caribbean\/cuba-2020\/\">hier<\/a>). Das NED wird mitunter auch als \u201eziviler Arm\u201c der CIA bezeichnet. Ebenfalls in Kuba aktiv ist das National Democratic Institute, die Parteistiftung der Demokraten.<\/p>\n<p>[Autor: <a href=\"https:\/\/zurzeit.at\/index.php\/autoren\/\">B.T.<\/a> Bild:\u00a0<span class=\"attribution_field hide-sm hide-md\"><a href=\"https:\/\/pixabay.com\/de\/users\/andyleunghk-4930458\/?utm_source=link-attribution&amp;utm_medium=referral&amp;utm_campaign=image&amp;utm_content=2188179\">Andy Leung<\/a> auf <a href=\"https:\/\/pixabay.com\/de\/?utm_source=link-attribution&amp;utm_medium=referral&amp;utm_campaign=image&amp;utm_content=2188179\">Pixabay<\/a><\/span> Lizenz: <span class=\"licensetpl_attr\">&#8211;<\/span>]<\/p>\n","protected":false},"excerpt":{"rendered":"<p>Wollen die USA einen \u201eRegimewechsel\u201c anzetteln? Bei den ersten offenen Protesten gegen die kommunistische Diktatur&hellip;<\/p>\n","protected":false},"author":3,"featured_media":9855,"comment_status":"open","ping_status":"closed","sticky":false,"template":"","format":"standard","meta":{"footnotes":""},"categories":[49],"tags":[1659,713,1183,6134,1860,1609,6133,242],"class_list":["post-9854","post","type-post","status-publish","format-standard","has-post-thumbnail","hentry","category-ausland","tag-diktatur","tag-kommunismus","tag-kuba","tag-national-endowment-for-democracy","tag-ned","tag-proteste","tag-regimewechsel","tag-usa"],"yoast_head":"<!-- This site is optimized with the Yoast SEO plugin v28.3 - https:\/\/yoast.com\/product\/yoast-seo-wordpress\/ -->\n<title>Kuba: Proteste gegen kommunistische Diktatur - ZurZeit<\/title>\n<meta name=\"robots\" content=\"index, follow, max-snippet:-1, max-image-preview:large, max-video-preview:-1\" \/>\n<link rel=\"canonical\" href=\"https:\/\/zurzeit.at\/index.php\/kuba-proteste-gegen-kommunistische-diktatur\/\" \/>\n<meta property=\"og:locale\" content=\"de_DE\" \/>\n<meta property=\"og:type\" content=\"article\" \/>\n<meta property=\"og:title\" content=\"Kuba: Proteste gegen kommunistische Diktatur - ZurZeit\" \/>\n<meta property=\"og:description\" content=\"Wollen die USA einen \u201eRegimewechsel\u201c anzetteln? Bei den ersten offenen Protesten gegen die kommunistische Diktatur&hellip;\" \/>\n<meta property=\"og:url\" content=\"https:\/\/zurzeit.at\/index.php\/kuba-proteste-gegen-kommunistische-diktatur\/\" \/>\n<meta property=\"og:site_name\" content=\"ZurZeit\" \/>\n<meta property=\"article:publisher\" content=\"https:\/\/www.facebook.com\/wochenmagazinZurZeit\/\" \/>\n<meta property=\"article:published_time\" content=\"2021-07-13T09:10:21+00:00\" \/>\n<meta property=\"article:modified_time\" content=\"2021-07-13T09:33:56+00:00\" \/>\n<meta property=\"og:image\" content=\"https:\/\/zurzeit.at\/wp-content\/uploads\/2021\/07\/cuba-2188179_1920.jpg\" \/>\n\t<meta property=\"og:image:width\" content=\"1920\" \/>\n\t<meta property=\"og:image:height\" content=\"1280\" \/>\n\t<meta property=\"og:image:type\" content=\"image\/jpeg\" \/>\n<meta name=\"author\" content=\"admin2\" \/>\n<meta name=\"twitter:card\" content=\"summary_large_image\" \/>\n<meta name=\"twitter:label1\" content=\"Verfasst von\" \/>\n\t<meta name=\"twitter:data1\" content=\"admin2\" \/>\n\t<meta name=\"twitter:label2\" content=\"Gesch\u00e4tzte Lesezeit\" \/>\n\t<meta name=\"twitter:data2\" content=\"1\u00a0Minute\" \/>\n<script type=\"application\/ld+json\" class=\"yoast-schema-graph\">{\"@context\":\"https:\\\/\\\/schema.org\",\"@graph\":[{\"@type\":\"Article\",\"@id\":\"https:\\\/\\\/zurzeit.at\\\/index.php\\\/kuba-proteste-gegen-kommunistische-diktatur\\\/#article\",\"isPartOf\":{\"@id\":\"https:\\\/\\\/zurzeit.at\\\/index.php\\\/kuba-proteste-gegen-kommunistische-diktatur\\\/\"},\"author\":{\"name\":\"admin2\",\"@id\":\"https:\\\/\\\/zurzeit.at\\\/#\\\/schema\\\/person\\\/e6f4284c4ffdba25c26f295806088e37\"},\"headline\":\"Kuba: Proteste gegen kommunistische Diktatur\",\"datePublished\":\"2021-07-13T09:10:21+00:00\",\"dateModified\":\"2021-07-13T09:33:56+00:00\",\"mainEntityOfPage\":{\"@id\":\"https:\\\/\\\/zurzeit.at\\\/index.php\\\/kuba-proteste-gegen-kommunistische-diktatur\\\/\"},\"wordCount\":220,\"commentCount\":0,\"image\":{\"@id\":\"https:\\\/\\\/zurzeit.at\\\/index.php\\\/kuba-proteste-gegen-kommunistische-diktatur\\\/#primaryimage\"},\"thumbnailUrl\":\"https:\\\/\\\/zurzeit.at\\\/wp-content\\\/uploads\\\/2021\\\/07\\\/cuba-2188179_1920.jpg\",\"keywords\":[\"Diktatur\",\"Kommunismus\",\"Kuba\",\"National Endowment for Democracy\",\"NED\",\"Proteste\",\"Regimewechsel\",\"USA\"],\"articleSection\":[\"Ausland\"],\"inLanguage\":\"de\",\"potentialAction\":[{\"@type\":\"CommentAction\",\"name\":\"Comment\",\"target\":[\"https:\\\/\\\/zurzeit.at\\\/index.php\\\/kuba-proteste-gegen-kommunistische-diktatur\\\/#respond\"]}]},{\"@type\":\"WebPage\",\"@id\":\"https:\\\/\\\/zurzeit.at\\\/index.php\\\/kuba-proteste-gegen-kommunistische-diktatur\\\/\",\"url\":\"https:\\\/\\\/zurzeit.at\\\/index.php\\\/kuba-proteste-gegen-kommunistische-diktatur\\\/\",\"name\":\"Kuba: Proteste gegen kommunistische Diktatur - ZurZeit\",\"isPartOf\":{\"@id\":\"https:\\\/\\\/zurzeit.at\\\/#website\"},\"primaryImageOfPage\":{\"@id\":\"https:\\\/\\\/zurzeit.at\\\/index.php\\\/kuba-proteste-gegen-kommunistische-diktatur\\\/#primaryimage\"},\"image\":{\"@id\":\"https:\\\/\\\/zurzeit.at\\\/index.php\\\/kuba-proteste-gegen-kommunistische-diktatur\\\/#primaryimage\"},\"thumbnailUrl\":\"https:\\\/\\\/zurzeit.at\\\/wp-content\\\/uploads\\\/2021\\\/07\\\/cuba-2188179_1920.jpg\",\"datePublished\":\"2021-07-13T09:10:21+00:00\",\"dateModified\":\"2021-07-13T09:33:56+00:00\",\"author\":{\"@id\":\"https:\\\/\\\/zurzeit.at\\\/#\\\/schema\\\/person\\\/e6f4284c4ffdba25c26f295806088e37\"},\"breadcrumb\":{\"@id\":\"https:\\\/\\\/zurzeit.at\\\/index.php\\\/kuba-proteste-gegen-kommunistische-diktatur\\\/#breadcrumb\"},\"inLanguage\":\"de\",\"potentialAction\":[{\"@type\":\"ReadAction\",\"target\":[\"https:\\\/\\\/zurzeit.at\\\/index.php\\\/kuba-proteste-gegen-kommunistische-diktatur\\\/\"]}]},{\"@type\":\"ImageObject\",\"inLanguage\":\"de\",\"@id\":\"https:\\\/\\\/zurzeit.at\\\/index.php\\\/kuba-proteste-gegen-kommunistische-diktatur\\\/#primaryimage\",\"url\":\"https:\\\/\\\/zurzeit.at\\\/wp-content\\\/uploads\\\/2021\\\/07\\\/cuba-2188179_1920.jpg\",\"contentUrl\":\"https:\\\/\\\/zurzeit.at\\\/wp-content\\\/uploads\\\/2021\\\/07\\\/cuba-2188179_1920.jpg\",\"width\":1920,\"height\":1280},{\"@type\":\"BreadcrumbList\",\"@id\":\"https:\\\/\\\/zurzeit.at\\\/index.php\\\/kuba-proteste-gegen-kommunistische-diktatur\\\/#breadcrumb\",\"itemListElement\":[{\"@type\":\"ListItem\",\"position\":1,\"name\":\"Startseite\",\"item\":\"https:\\\/\\\/zurzeit.at\\\/\"},{\"@type\":\"ListItem\",\"position\":2,\"name\":\"Kuba: Proteste gegen kommunistische Diktatur\"}]},{\"@type\":\"WebSite\",\"@id\":\"https:\\\/\\\/zurzeit.at\\\/#website\",\"url\":\"https:\\\/\\\/zurzeit.at\\\/\",\"name\":\"ZurZeit\",\"description\":\"Internetseite des Wochenmagazins ZurZeit\",\"potentialAction\":[{\"@type\":\"SearchAction\",\"target\":{\"@type\":\"EntryPoint\",\"urlTemplate\":\"https:\\\/\\\/zurzeit.at\\\/?s={search_term_string}\"},\"query-input\":{\"@type\":\"PropertyValueSpecification\",\"valueRequired\":true,\"valueName\":\"search_term_string\"}}],\"inLanguage\":\"de\"},{\"@type\":\"Person\",\"@id\":\"https:\\\/\\\/zurzeit.at\\\/#\\\/schema\\\/person\\\/e6f4284c4ffdba25c26f295806088e37\",\"name\":\"admin2\",\"image\":{\"@type\":\"ImageObject\",\"inLanguage\":\"de\",\"@id\":\"https:\\\/\\\/secure.gravatar.com\\\/avatar\\\/6b01edb108b3f79fc8950358251ecf3b91c228e319139ad1beec43b6b1b16470?s=96&d=mm&r=g\",\"url\":\"https:\\\/\\\/secure.gravatar.com\\\/avatar\\\/6b01edb108b3f79fc8950358251ecf3b91c228e319139ad1beec43b6b1b16470?s=96&d=mm&r=g\",\"contentUrl\":\"https:\\\/\\\/secure.gravatar.com\\\/avatar\\\/6b01edb108b3f79fc8950358251ecf3b91c228e319139ad1beec43b6b1b16470?s=96&d=mm&r=g\",\"caption\":\"admin2\"},\"url\":\"https:\\\/\\\/zurzeit.at\\\/index.php\\\/author\\\/admin2\\\/\"}]}<\/script>\n<!-- \/ Yoast SEO plugin. -->","yoast_head_json":{"title":"Kuba: Proteste gegen kommunistische Diktatur - ZurZeit","robots":{"index":"index","follow":"follow","max-snippet":"max-snippet:-1","max-image-preview":"max-image-preview:large","max-video-preview":"max-video-preview:-1"},"canonical":"https:\/\/zurzeit.at\/index.php\/kuba-proteste-gegen-kommunistische-diktatur\/","og_locale":"de_DE","og_type":"article","og_title":"Kuba: Proteste gegen kommunistische Diktatur - ZurZeit","og_description":"Wollen die USA einen \u201eRegimewechsel\u201c anzetteln? Bei den ersten offenen Protesten gegen die kommunistische Diktatur&hellip;","og_url":"https:\/\/zurzeit.at\/index.php\/kuba-proteste-gegen-kommunistische-diktatur\/","og_site_name":"ZurZeit","article_publisher":"https:\/\/www.facebook.com\/wochenmagazinZurZeit\/","article_published_time":"2021-07-13T09:10:21+00:00","article_modified_time":"2021-07-13T09:33:56+00:00","og_image":[{"width":1920,"height":1280,"url":"https:\/\/zurzeit.at\/wp-content\/uploads\/2021\/07\/cuba-2188179_1920.jpg","type":"image\/jpeg"}],"author":"admin2","twitter_card":"summary_large_image","twitter_misc":{"Verfasst von":"admin2","Gesch\u00e4tzte Lesezeit":"1\u00a0Minute"},"schema":{"@context":"https:\/\/schema.org","@graph":[{"@type":"Article","@id":"https:\/\/zurzeit.at\/index.php\/kuba-proteste-gegen-kommunistische-diktatur\/#article","isPartOf":{"@id":"https:\/\/zurzeit.at\/index.php\/kuba-proteste-gegen-kommunistische-diktatur\/"},"author":{"name":"admin2","@id":"https:\/\/zurzeit.at\/#\/schema\/person\/e6f4284c4ffdba25c26f295806088e37"},"headline":"Kuba: Proteste gegen kommunistische Diktatur","datePublished":"2021-07-13T09:10:21+00:00","dateModified":"2021-07-13T09:33:56+00:00","mainEntityOfPage":{"@id":"https:\/\/zurzeit.at\/index.php\/kuba-proteste-gegen-kommunistische-diktatur\/"},"wordCount":220,"commentCount":0,"image":{"@id":"https:\/\/zurzeit.at\/index.php\/kuba-proteste-gegen-kommunistische-diktatur\/#primaryimage"},"thumbnailUrl":"https:\/\/zurzeit.at\/wp-content\/uploads\/2021\/07\/cuba-2188179_1920.jpg","keywords":["Diktatur","Kommunismus","Kuba","National Endowment for Democracy","NED","Proteste","Regimewechsel","USA"],"articleSection":["Ausland"],"inLanguage":"de","potentialAction":[{"@type":"CommentAction","name":"Comment","target":["https:\/\/zurzeit.at\/index.php\/kuba-proteste-gegen-kommunistische-diktatur\/#respond"]}]},{"@type":"WebPage","@id":"https:\/\/zurzeit.at\/index.php\/kuba-proteste-gegen-kommunistische-diktatur\/","url":"https:\/\/zurzeit.at\/index.php\/kuba-proteste-gegen-kommunistische-diktatur\/","name":"Kuba: Proteste gegen kommunistische Diktatur - ZurZeit","isPartOf":{"@id":"https:\/\/zurzeit.at\/#website"},"primaryImageOfPage":{"@id":"https:\/\/zurzeit.at\/index.php\/kuba-proteste-gegen-kommunistische-diktatur\/#primaryimage"},"image":{"@id":"https:\/\/zurzeit.at\/index.php\/kuba-proteste-gegen-kommunistische-diktatur\/#primaryimage"},"thumbnailUrl":"https:\/\/zurzeit.at\/wp-content\/uploads\/2021\/07\/cuba-2188179_1920.jpg","datePublished":"2021-07-13T09:10:21+00:00","dateModified":"2021-07-13T09:33:56+00:00","author":{"@id":"https:\/\/zurzeit.at\/#\/schema\/person\/e6f4284c4ffdba25c26f295806088e37"},"breadcrumb":{"@id":"https:\/\/zurzeit.at\/index.php\/kuba-proteste-gegen-kommunistische-diktatur\/#breadcrumb"},"inLanguage":"de","potentialAction":[{"@type":"ReadAction","target":["https:\/\/zurzeit.at\/index.php\/kuba-proteste-gegen-kommunistische-diktatur\/"]}]},{"@type":"ImageObject","inLanguage":"de","@id":"https:\/\/zurzeit.at\/index.php\/kuba-proteste-gegen-kommunistische-diktatur\/#primaryimage","url":"https:\/\/zurzeit.at\/wp-content\/uploads\/2021\/07\/cuba-2188179_1920.jpg","contentUrl":"https:\/\/zurzeit.at\/wp-content\/uploads\/2021\/07\/cuba-2188179_1920.jpg","width":1920,"height":1280},{"@type":"BreadcrumbList","@id":"https:\/\/zurzeit.at\/index.php\/kuba-proteste-gegen-kommunistische-diktatur\/#breadcrumb","itemListElement":[{"@type":"ListItem","position":1,"name":"Startseite","item":"https:\/\/zurzeit.at\/"},{"@type":"ListItem","position":2,"name":"Kuba: Proteste gegen kommunistische Diktatur"}]},{"@type":"WebSite","@id":"https:\/\/zurzeit.at\/#website","url":"https:\/\/zurzeit.at\/","name":"ZurZeit","description":"Internetseite des Wochenmagazins ZurZeit","potentialAction":[{"@type":"SearchAction","target":{"@type":"EntryPoint","urlTemplate":"https:\/\/zurzeit.at\/?s={search_term_string}"},"query-input":{"@type":"PropertyValueSpecification","valueRequired":true,"valueName":"search_term_string"}}],"inLanguage":"de"},{"@type":"Person","@id":"https:\/\/zurzeit.at\/#\/schema\/person\/e6f4284c4ffdba25c26f295806088e37","name":"admin2","image":{"@type":"ImageObject","inLanguage":"de","@id":"https:\/\/secure.gravatar.com\/avatar\/6b01edb108b3f79fc8950358251ecf3b91c228e319139ad1beec43b6b1b16470?s=96&d=mm&r=g","url":"https:\/\/secure.gravatar.com\/avatar\/6b01edb108b3f79fc8950358251ecf3b91c228e319139ad1beec43b6b1b16470?s=96&d=mm&r=g","contentUrl":"https:\/\/secure.gravatar.com\/avatar\/6b01edb108b3f79fc8950358251ecf3b91c228e319139ad1beec43b6b1b16470?s=96&d=mm&r=g","caption":"admin2"},"url":"https:\/\/zurzeit.at\/index.php\/author\/admin2\/"}]}},"_links":{"self":[{"href":"https:\/\/zurzeit.at\/index.php\/wp-json\/wp\/v2\/posts\/9854","targetHints":{"allow":["GET"]}}],"collection":[{"href":"https:\/\/zurzeit.at\/index.php\/wp-json\/wp\/v2\/posts"}],"about":[{"href":"https:\/\/zurzeit.at\/index.php\/wp-json\/wp\/v2\/types\/post"}],"author":[{"embeddable":true,"href":"https:\/\/zurzeit.at\/index.php\/wp-json\/wp\/v2\/users\/3"}],"replies":[{"embeddable":true,"href":"https:\/\/zurzeit.at\/index.php\/wp-json\/wp\/v2\/comments?post=9854"}],"version-history":[{"count":2,"href":"https:\/\/zurzeit.at\/index.php\/wp-json\/wp\/v2\/posts\/9854\/revisions"}],"predecessor-version":[{"id":9860,"href":"https:\/\/zurzeit.at\/index.php\/wp-json\/wp\/v2\/posts\/9854\/revisions\/9860"}],"wp:featuredmedia":[{"embeddable":true,"href":"https:\/\/zurzeit.at\/index.php\/wp-json\/wp\/v2\/media\/9855"}],"wp:attachment":[{"href":"https:\/\/zurzeit.at\/index.php\/wp-json\/wp\/v2\/media?parent=9854"}],"wp:term":[{"taxonomy":"category","embeddable":true,"href":"https:\/\/zurzeit.at\/index.php\/wp-json\/wp\/v2\/categories?post=9854"},{"taxonomy":"post_tag","embeddable":true,"href":"https:\/\/zurzeit.at\/index.php\/wp-json\/wp\/v2\/tags?post=9854"}],"curies":[{"name":"wp","href":"https:\/\/api.w.org\/{rel}","templated":true}]}}